{"id":2763,"date":"2021-06-23T13:09:24","date_gmt":"2021-06-23T11:09:24","guid":{"rendered":"http:\/\/www.villevesuviane.net\/uncategorized\/napoli-magazine-evento-festival-delle-ville-vesuviane-dal-4-al-25-settembre\/"},"modified":"2021-09-01T18:11:19","modified_gmt":"2021-09-01T16:11:19","slug":"napoli-magazine-evento-festival-delle-ville-vesuviane-dal-4-al-25-settembre","status":"publish","type":"post","link":"https:\/\/www.villevesuviane.net\/en\/rassegna-stampa-en\/napoli-magazine-evento-festival-delle-ville-vesuviane-dal-4-al-25-settembre\/","title":{"rendered":"Napoli Magazine &#8211; EVENTO &#8211; Festival delle Ville Vesuviane, dal 4 al 25 settembre"},"content":{"rendered":"<p>Teatro, danza, musica e poesia: torna il Festival delle Ville Vesuviane che sar\u00e0 in programma dal 4 al 25 settembre nelle splendide sedi di Villa Campolieto, a Ercolano, e Villa Delle Ginestre a Torre del Greco.<\/p>\n<p>Il Festival, giunto alla sua trentaduesima edizione, \u00e8 promosso dalla Fondazione Ente Ville Vesuviane, presieduta da Gianluca Del Mastro, con il sostegno della Regione Campania attraverso Scabec. Quest\u2019anno torna a dirigerlo Luca De Fusco, il suo fondatore, ripristinando la formula che ha caratterizzato le prime edizioni: Il Festival Ville Vesuviane \u201cProgetto Settecento\u201d.<\/p>\n<p>\u201cTorno a dirigere il Festival delle Ville Vesuviane \u2013 Progetto Settecento con grande gioia e orgoglio e lo faccio dedicando questa edizione a un grande critico musicale, musicologo e scrittore, nonch\u00e9 amico, Paolo Isotta, scomparso qualche mese fa. Dalla met\u00e0 degli anni \u201980, per circa dieci anni, il Festival delle Ville Vesuviane ha inteso valorizzare il patrimonio architettonico delle ville attraverso un teatro scritto o ambientato nel \u2018700, in modo quindi armonico rispetto alle dimore settecentesche che caratterizzano la zona. La manifestazione poi ha preso strade diverse, ma \u00e8 mio intento recuperare sempre di pi\u00f9 \u201cil senso del passato\u201d e nelle prossime edizioni tornare ad un contenuto tematico. Quest\u2019anno l\u2019edizione \u00e8 dedicata a Paolo Isotta. Per questo inauguriamo con Enrico IV di Luigi Pirandello, uno dei suoi autori preferiti, protagonista Eros Pagni, attore da lui amatissimo e la mia regia. La scelta di Enrico IV \u00e8 dovuta anche al fatto che quest\u2019anno ricorre il centenario della prima rappresentazione del testo. In un programma dedicato a Paolo Isotta non pu\u00f2 mancare la musica e cos\u00ec sono previste quattro conferenze-concerto ideate da me e Gennaro Carillo. Protagonista sar\u00e0 il Quartetto Felix composto da Marina Pellegrino, Vincenzo Meriani, Francesco Venga e Matteo Parisi. Quattro musicisti che Isotta seguiva con particolare attenzione sin dal debutto. E , tra gli amici di Paolo Isotta che hanno accettato di esserci, anche Pietrangelo Buttafuoco, fine scrittore siciliano che sar\u00e0 presente con Il lupo e la luna un suo testo che lo vedr\u00e0 anche protagonista e Lara Sansone, la Signora del Teatro Sannazaro, un teatro che per Isotta, negli ultimi anni, era diventato un po\u2019 una casa, che interpreter\u00e0 La Locandiera di Goldoni, con la mia regia. Da anni Paolino voleva che io e Lara lavorassimo insieme! A chiudere gli appuntamenti di teatro Lavia dice Leopardi e Le Favole di Oscar Wilde con Gabriele Lavia. E due appuntamenti di danza Carmen Suite, con le coreografie di Jvan Bottaro e la regia di Alessandra Panzavolta e Soir\u00e9e russe, gala di balletto a cura di Daniele Cipriani. Al tramonto, nel romitaggio di Villa Campolieto, Eros Pagni, Anita Bartolucci, Paolo Serra, Claudio Di Palma, Giacinto Palmarini, Francesco Biscione per tutto il periodo del festival si alterneranno nella recitazione di sei canti della Divina Commedia. Infine il 7 settembre i Premi Le Maschere del Teatro, in diretta differita su Raiuno, per la prima volta dalla magica Villa Campolieto.\u201d<br \/>\nLuca De Fusco<\/p>\n<p>\u201cIl ritorno di Luca De Fusco nella grande famiglia della Fondazione Ente Ville Vesuviane segna il desiderio che abbiamo di ripartire attraverso la forza e la vitalit\u00e0 dirompente del teatro. La forma d\u2019arte in cui la parola e le idee vengono direttamente veicolate al pubblico, in cui si crea un filo tra attori e spettatori rappresenta al meglio la necessit\u00e0 che abbiamo di comunicare e di riprendere ogni aspetto della vita di relazione.<br \/>\nNel cinquantesimo anniversario della Fondazione, il ritorno del teatro e, in particolare, del teatro del \u2018700, celebra la bellezza delle Ville e ne ripropone l\u2019austera imperturbabilit\u00e0 nella splendida cornice del Miglio d\u2019Oro. Ringrazio soprattutto la Regione Campania, ma anche il MIC che hanno saputo farsi interpreti di questa esigenza, realizzando il desiderio di tutto il pubblico della Fondazione.\u201d<br \/>\nGianluca Del Mastro<br \/>\nPresidente Fondazione Ente Ville Vesuviane<\/p>\n<p>\u201cNell\u2019anno in cui la Fondazione celebra il cinquantesimo anniversario dell\u2019istituzione dell\u2019Ente per le Ville Vesuviane continua il percorso di riscoperta legato alle sue attivit\u00e0. Avviato con la mostra d\u2019arte Contemporanea \u201cCos\u00ec fan tutti. Opere dalla collezione di Ernesto Esposito\u201d, allestita a Villa Campolieto, riprende il filo con un altro pezzo di storia, legato al patrimonio immateriale e costituito dai grandi spettacoli dal vivo del Festival delle Ville Vesuviane. Un Festival che nel 2021 giunge alla trentaduesima edizione. In quest\u2019anno cos\u00ec particolare e cos\u00ec importante per la Fondazione abbiamo scelto di tornare alle origini, alla vocazione naturale del Festival e delle Ville Vesuviane dove il contenitore e il contenuto si fondono e ne appaiono reciprocamente esaltati. Con Progetto \u2018700 torniamo alle origini avendo al nostro fianco colui che quei Festival per primo li ha diretti, il maestro Luca De Fusco, che ringrazio per aver creduto nella rinascita di questo Progetto. Un progetto che abbraccia storia, conoscenza, ricerca e arte e in cui la funzione estetica e performativa dello spettacolo dal vivo si fondono con il racconto della bellezza architettonica del nostro patrimonio monumentale e con la sua storia settecentesca. Grazie alla Regione Campania e al Ministero della Cultura che cofinanziano questo Festival cos\u00ec ambizioso che rappresenta un ulteriore attrattore culturale per il territorio vesuviano e per la Regione Campania.\u201d<br \/>\nRoberto Chianese<br \/>\nDirettore generale Fondazione Ente Ville Vesuviane<\/p>\n<p>Fonte <a href=\"https:\/\/www.napolimagazine.com\/cultura-gossip\/articolo\/evento-festival-delle-ville-vesuviane-dal-4-al-25-settembre\">napolimagazine.com<\/a><\/p>\n","protected":false},"excerpt":{"rendered":"<p>Teatro, danza, musica e poesia: torna il Festival delle Ville Vesuviane che sar\u00e0 in programma dal 4 al 25 settembre nelle splendide sedi di Villa Campolieto, a Ercolano, e Villa [&hellip;]<\/p>\n","protected":false},"author":1,"featured_media":2642,"comment_status":"open","ping_status":"open","sticky":false,"template":"","format":"standard","meta":{"_acf_changed":false,"footnotes":""},"categories":[34],"tags":[],"class_list":["post-2763","post","type-post","status-publish","format-standard","has-post-thumbnail","hentry","category-rassegna-stampa-en"],"acf":[],"yoast_head":"<!-- This site is optimized with the Yoast SEO plugin v27.5 - https:\/\/yoast.com\/product\/yoast-seo-wordpress\/ -->\n<title>Napoli Magazine - EVENTO - Festival delle Ville Vesuviane, dal 4 al 25 settembre - Ville Vesuviane<\/title>\n<meta name=\"robots\" content=\"index, follow, max-snippet:-1, max-image-preview:large, max-video-preview:-1\" \/>\n<link rel=\"canonical\" href=\"https:\/\/www.villevesuviane.net\/en\/rassegna-stampa-en\/napoli-magazine-evento-festival-delle-ville-vesuviane-dal-4-al-25-settembre\/\" \/>\n<meta property=\"og:locale\" content=\"en_US\" \/>\n<meta property=\"og:type\" content=\"article\" \/>\n<meta property=\"og:title\" content=\"Napoli Magazine - EVENTO - Festival delle Ville Vesuviane, dal 4 al 25 settembre - Ville Vesuviane\" \/>\n<meta property=\"og:description\" content=\"Teatro, danza, musica e poesia: torna il Festival delle Ville Vesuviane che sar\u00e0 in programma dal 4 al 25 settembre nelle splendide sedi di Villa Campolieto, a Ercolano, e Villa [&hellip;]\" \/>\n<meta property=\"og:url\" content=\"https:\/\/www.villevesuviane.net\/en\/rassegna-stampa-en\/napoli-magazine-evento-festival-delle-ville-vesuviane-dal-4-al-25-settembre\/\" \/>\n<meta property=\"og:site_name\" content=\"Ville Vesuviane\" \/>\n<meta property=\"article:publisher\" content=\"https:\/\/www.facebook.com\/villevesuviane.net\/\" \/>\n<meta property=\"article:published_time\" content=\"2021-06-23T11:09:24+00:00\" \/>\n<meta property=\"article:modified_time\" content=\"2021-09-01T16:11:19+00:00\" \/>\n<meta property=\"og:image\" content=\"https:\/\/www.villevesuviane.net\/wp-content\/uploads\/2021\/09\/conferenza1.jpg\" \/>\n\t<meta property=\"og:image:width\" content=\"490\" \/>\n\t<meta property=\"og:image:height\" content=\"305\" \/>\n\t<meta property=\"og:image:type\" content=\"image\/jpeg\" \/>\n<meta name=\"author\" content=\"villevesuviane\" \/>\n<meta name=\"twitter:card\" content=\"summary_large_image\" \/>\n<meta name=\"twitter:label1\" content=\"Written by\" \/>\n\t<meta name=\"twitter:data1\" content=\"villevesuviane\" \/>\n\t<meta name=\"twitter:label2\" content=\"Est. reading time\" \/>\n\t<meta name=\"twitter:data2\" content=\"4 minutes\" \/>\n<script type=\"application\/ld+json\" class=\"yoast-schema-graph\">{\"@context\":\"https:\\\/\\\/schema.org\",\"@graph\":[{\"@type\":\"Article\",\"@id\":\"https:\\\/\\\/www.villevesuviane.net\\\/en\\\/rassegna-stampa-en\\\/napoli-magazine-evento-festival-delle-ville-vesuviane-dal-4-al-25-settembre\\\/#article\",\"isPartOf\":{\"@id\":\"https:\\\/\\\/www.villevesuviane.net\\\/en\\\/rassegna-stampa-en\\\/napoli-magazine-evento-festival-delle-ville-vesuviane-dal-4-al-25-settembre\\\/\"},\"author\":{\"name\":\"villevesuviane\",\"@id\":\"https:\\\/\\\/www.villevesuviane.net\\\/#\\\/schema\\\/person\\\/969865feaea8cec02dbee3b42c8d68a6\"},\"headline\":\"Napoli Magazine &#8211; EVENTO &#8211; Festival delle Ville Vesuviane, dal 4 al 25 settembre\",\"datePublished\":\"2021-06-23T11:09:24+00:00\",\"dateModified\":\"2021-09-01T16:11:19+00:00\",\"mainEntityOfPage\":{\"@id\":\"https:\\\/\\\/www.villevesuviane.net\\\/en\\\/rassegna-stampa-en\\\/napoli-magazine-evento-festival-delle-ville-vesuviane-dal-4-al-25-settembre\\\/\"},\"wordCount\":866,\"commentCount\":0,\"image\":{\"@id\":\"https:\\\/\\\/www.villevesuviane.net\\\/en\\\/rassegna-stampa-en\\\/napoli-magazine-evento-festival-delle-ville-vesuviane-dal-4-al-25-settembre\\\/#primaryimage\"},\"thumbnailUrl\":\"https:\\\/\\\/www.villevesuviane.net\\\/wp-content\\\/uploads\\\/2021\\\/09\\\/conferenza1.jpg\",\"articleSection\":[\"Rassegna Stampa\"],\"inLanguage\":\"en-US\",\"potentialAction\":[{\"@type\":\"CommentAction\",\"name\":\"Comment\",\"target\":[\"https:\\\/\\\/www.villevesuviane.net\\\/en\\\/rassegna-stampa-en\\\/napoli-magazine-evento-festival-delle-ville-vesuviane-dal-4-al-25-settembre\\\/#respond\"]}]},{\"@type\":\"WebPage\",\"@id\":\"https:\\\/\\\/www.villevesuviane.net\\\/en\\\/rassegna-stampa-en\\\/napoli-magazine-evento-festival-delle-ville-vesuviane-dal-4-al-25-settembre\\\/\",\"url\":\"https:\\\/\\\/www.villevesuviane.net\\\/en\\\/rassegna-stampa-en\\\/napoli-magazine-evento-festival-delle-ville-vesuviane-dal-4-al-25-settembre\\\/\",\"name\":\"Napoli Magazine - EVENTO - Festival delle Ville Vesuviane, dal 4 al 25 settembre - Ville Vesuviane\",\"isPartOf\":{\"@id\":\"https:\\\/\\\/www.villevesuviane.net\\\/#website\"},\"primaryImageOfPage\":{\"@id\":\"https:\\\/\\\/www.villevesuviane.net\\\/en\\\/rassegna-stampa-en\\\/napoli-magazine-evento-festival-delle-ville-vesuviane-dal-4-al-25-settembre\\\/#primaryimage\"},\"image\":{\"@id\":\"https:\\\/\\\/www.villevesuviane.net\\\/en\\\/rassegna-stampa-en\\\/napoli-magazine-evento-festival-delle-ville-vesuviane-dal-4-al-25-settembre\\\/#primaryimage\"},\"thumbnailUrl\":\"https:\\\/\\\/www.villevesuviane.net\\\/wp-content\\\/uploads\\\/2021\\\/09\\\/conferenza1.jpg\",\"datePublished\":\"2021-06-23T11:09:24+00:00\",\"dateModified\":\"2021-09-01T16:11:19+00:00\",\"author\":{\"@id\":\"https:\\\/\\\/www.villevesuviane.net\\\/#\\\/schema\\\/person\\\/969865feaea8cec02dbee3b42c8d68a6\"},\"breadcrumb\":{\"@id\":\"https:\\\/\\\/www.villevesuviane.net\\\/en\\\/rassegna-stampa-en\\\/napoli-magazine-evento-festival-delle-ville-vesuviane-dal-4-al-25-settembre\\\/#breadcrumb\"},\"inLanguage\":\"en-US\",\"potentialAction\":[{\"@type\":\"ReadAction\",\"target\":[\"https:\\\/\\\/www.villevesuviane.net\\\/en\\\/rassegna-stampa-en\\\/napoli-magazine-evento-festival-delle-ville-vesuviane-dal-4-al-25-settembre\\\/\"]}]},{\"@type\":\"ImageObject\",\"inLanguage\":\"en-US\",\"@id\":\"https:\\\/\\\/www.villevesuviane.net\\\/en\\\/rassegna-stampa-en\\\/napoli-magazine-evento-festival-delle-ville-vesuviane-dal-4-al-25-settembre\\\/#primaryimage\",\"url\":\"https:\\\/\\\/www.villevesuviane.net\\\/wp-content\\\/uploads\\\/2021\\\/09\\\/conferenza1.jpg\",\"contentUrl\":\"https:\\\/\\\/www.villevesuviane.net\\\/wp-content\\\/uploads\\\/2021\\\/09\\\/conferenza1.jpg\",\"width\":490,\"height\":305},{\"@type\":\"BreadcrumbList\",\"@id\":\"https:\\\/\\\/www.villevesuviane.net\\\/en\\\/rassegna-stampa-en\\\/napoli-magazine-evento-festival-delle-ville-vesuviane-dal-4-al-25-settembre\\\/#breadcrumb\",\"itemListElement\":[{\"@type\":\"ListItem\",\"position\":1,\"name\":\"Home\",\"item\":\"https:\\\/\\\/www.villevesuviane.net\\\/\"},{\"@type\":\"ListItem\",\"position\":2,\"name\":\"Napoli Magazine &#8211; EVENTO &#8211; Festival delle Ville Vesuviane, dal 4 al 25 settembre\"}]},{\"@type\":\"WebSite\",\"@id\":\"https:\\\/\\\/www.villevesuviane.net\\\/#website\",\"url\":\"https:\\\/\\\/www.villevesuviane.net\\\/\",\"name\":\"Ville Vesuviane\",\"description\":\"Fondazione Ente Ville Vesuviane\",\"potentialAction\":[{\"@type\":\"SearchAction\",\"target\":{\"@type\":\"EntryPoint\",\"urlTemplate\":\"https:\\\/\\\/www.villevesuviane.net\\\/?s={search_term_string}\"},\"query-input\":{\"@type\":\"PropertyValueSpecification\",\"valueRequired\":true,\"valueName\":\"search_term_string\"}}],\"inLanguage\":\"en-US\"},{\"@type\":\"Person\",\"@id\":\"https:\\\/\\\/www.villevesuviane.net\\\/#\\\/schema\\\/person\\\/969865feaea8cec02dbee3b42c8d68a6\",\"name\":\"villevesuviane\",\"image\":{\"@type\":\"ImageObject\",\"inLanguage\":\"en-US\",\"@id\":\"https:\\\/\\\/secure.gravatar.com\\\/avatar\\\/dfcdcbeed7ee2f96d0e1c16496db15ac3d24ceb6727b1563056aba66f64e5dbc?s=96&d=mm&r=g\",\"url\":\"https:\\\/\\\/secure.gravatar.com\\\/avatar\\\/dfcdcbeed7ee2f96d0e1c16496db15ac3d24ceb6727b1563056aba66f64e5dbc?s=96&d=mm&r=g\",\"contentUrl\":\"https:\\\/\\\/secure.gravatar.com\\\/avatar\\\/dfcdcbeed7ee2f96d0e1c16496db15ac3d24ceb6727b1563056aba66f64e5dbc?s=96&d=mm&r=g\",\"caption\":\"villevesuviane\"},\"sameAs\":[\"http:\\\/\\\/www.villevesuviane.net\"]}]}<\/script>\n<!-- \/ Yoast SEO plugin. -->","yoast_head_json":{"title":"Napoli Magazine - EVENTO - Festival delle Ville Vesuviane, dal 4 al 25 settembre - Ville Vesuviane","robots":{"index":"index","follow":"follow","max-snippet":"max-snippet:-1","max-image-preview":"max-image-preview:large","max-video-preview":"max-video-preview:-1"},"canonical":"https:\/\/www.villevesuviane.net\/en\/rassegna-stampa-en\/napoli-magazine-evento-festival-delle-ville-vesuviane-dal-4-al-25-settembre\/","og_locale":"en_US","og_type":"article","og_title":"Napoli Magazine - EVENTO - Festival delle Ville Vesuviane, dal 4 al 25 settembre - Ville Vesuviane","og_description":"Teatro, danza, musica e poesia: torna il Festival delle Ville Vesuviane che sar\u00e0 in programma dal 4 al 25 settembre nelle splendide sedi di Villa Campolieto, a Ercolano, e Villa [&hellip;]","og_url":"https:\/\/www.villevesuviane.net\/en\/rassegna-stampa-en\/napoli-magazine-evento-festival-delle-ville-vesuviane-dal-4-al-25-settembre\/","og_site_name":"Ville Vesuviane","article_publisher":"https:\/\/www.facebook.com\/villevesuviane.net\/","article_published_time":"2021-06-23T11:09:24+00:00","article_modified_time":"2021-09-01T16:11:19+00:00","og_image":[{"width":490,"height":305,"url":"https:\/\/www.villevesuviane.net\/wp-content\/uploads\/2021\/09\/conferenza1.jpg","type":"image\/jpeg"}],"author":"villevesuviane","twitter_card":"summary_large_image","twitter_misc":{"Written by":"villevesuviane","Est. reading time":"4 minutes"},"schema":{"@context":"https:\/\/schema.org","@graph":[{"@type":"Article","@id":"https:\/\/www.villevesuviane.net\/en\/rassegna-stampa-en\/napoli-magazine-evento-festival-delle-ville-vesuviane-dal-4-al-25-settembre\/#article","isPartOf":{"@id":"https:\/\/www.villevesuviane.net\/en\/rassegna-stampa-en\/napoli-magazine-evento-festival-delle-ville-vesuviane-dal-4-al-25-settembre\/"},"author":{"name":"villevesuviane","@id":"https:\/\/www.villevesuviane.net\/#\/schema\/person\/969865feaea8cec02dbee3b42c8d68a6"},"headline":"Napoli Magazine &#8211; EVENTO &#8211; Festival delle Ville Vesuviane, dal 4 al 25 settembre","datePublished":"2021-06-23T11:09:24+00:00","dateModified":"2021-09-01T16:11:19+00:00","mainEntityOfPage":{"@id":"https:\/\/www.villevesuviane.net\/en\/rassegna-stampa-en\/napoli-magazine-evento-festival-delle-ville-vesuviane-dal-4-al-25-settembre\/"},"wordCount":866,"commentCount":0,"image":{"@id":"https:\/\/www.villevesuviane.net\/en\/rassegna-stampa-en\/napoli-magazine-evento-festival-delle-ville-vesuviane-dal-4-al-25-settembre\/#primaryimage"},"thumbnailUrl":"https:\/\/www.villevesuviane.net\/wp-content\/uploads\/2021\/09\/conferenza1.jpg","articleSection":["Rassegna Stampa"],"inLanguage":"en-US","potentialAction":[{"@type":"CommentAction","name":"Comment","target":["https:\/\/www.villevesuviane.net\/en\/rassegna-stampa-en\/napoli-magazine-evento-festival-delle-ville-vesuviane-dal-4-al-25-settembre\/#respond"]}]},{"@type":"WebPage","@id":"https:\/\/www.villevesuviane.net\/en\/rassegna-stampa-en\/napoli-magazine-evento-festival-delle-ville-vesuviane-dal-4-al-25-settembre\/","url":"https:\/\/www.villevesuviane.net\/en\/rassegna-stampa-en\/napoli-magazine-evento-festival-delle-ville-vesuviane-dal-4-al-25-settembre\/","name":"Napoli Magazine - EVENTO - Festival delle Ville Vesuviane, dal 4 al 25 settembre - Ville Vesuviane","isPartOf":{"@id":"https:\/\/www.villevesuviane.net\/#website"},"primaryImageOfPage":{"@id":"https:\/\/www.villevesuviane.net\/en\/rassegna-stampa-en\/napoli-magazine-evento-festival-delle-ville-vesuviane-dal-4-al-25-settembre\/#primaryimage"},"image":{"@id":"https:\/\/www.villevesuviane.net\/en\/rassegna-stampa-en\/napoli-magazine-evento-festival-delle-ville-vesuviane-dal-4-al-25-settembre\/#primaryimage"},"thumbnailUrl":"https:\/\/www.villevesuviane.net\/wp-content\/uploads\/2021\/09\/conferenza1.jpg","datePublished":"2021-06-23T11:09:24+00:00","dateModified":"2021-09-01T16:11:19+00:00","author":{"@id":"https:\/\/www.villevesuviane.net\/#\/schema\/person\/969865feaea8cec02dbee3b42c8d68a6"},"breadcrumb":{"@id":"https:\/\/www.villevesuviane.net\/en\/rassegna-stampa-en\/napoli-magazine-evento-festival-delle-ville-vesuviane-dal-4-al-25-settembre\/#breadcrumb"},"inLanguage":"en-US","potentialAction":[{"@type":"ReadAction","target":["https:\/\/www.villevesuviane.net\/en\/rassegna-stampa-en\/napoli-magazine-evento-festival-delle-ville-vesuviane-dal-4-al-25-settembre\/"]}]},{"@type":"ImageObject","inLanguage":"en-US","@id":"https:\/\/www.villevesuviane.net\/en\/rassegna-stampa-en\/napoli-magazine-evento-festival-delle-ville-vesuviane-dal-4-al-25-settembre\/#primaryimage","url":"https:\/\/www.villevesuviane.net\/wp-content\/uploads\/2021\/09\/conferenza1.jpg","contentUrl":"https:\/\/www.villevesuviane.net\/wp-content\/uploads\/2021\/09\/conferenza1.jpg","width":490,"height":305},{"@type":"BreadcrumbList","@id":"https:\/\/www.villevesuviane.net\/en\/rassegna-stampa-en\/napoli-magazine-evento-festival-delle-ville-vesuviane-dal-4-al-25-settembre\/#breadcrumb","itemListElement":[{"@type":"ListItem","position":1,"name":"Home","item":"https:\/\/www.villevesuviane.net\/"},{"@type":"ListItem","position":2,"name":"Napoli Magazine &#8211; EVENTO &#8211; Festival delle Ville Vesuviane, dal 4 al 25 settembre"}]},{"@type":"WebSite","@id":"https:\/\/www.villevesuviane.net\/#website","url":"https:\/\/www.villevesuviane.net\/","name":"Ville Vesuviane","description":"Fondazione Ente Ville Vesuviane","potentialAction":[{"@type":"SearchAction","target":{"@type":"EntryPoint","urlTemplate":"https:\/\/www.villevesuviane.net\/?s={search_term_string}"},"query-input":{"@type":"PropertyValueSpecification","valueRequired":true,"valueName":"search_term_string"}}],"inLanguage":"en-US"},{"@type":"Person","@id":"https:\/\/www.villevesuviane.net\/#\/schema\/person\/969865feaea8cec02dbee3b42c8d68a6","name":"villevesuviane","image":{"@type":"ImageObject","inLanguage":"en-US","@id":"https:\/\/secure.gravatar.com\/avatar\/dfcdcbeed7ee2f96d0e1c16496db15ac3d24ceb6727b1563056aba66f64e5dbc?s=96&d=mm&r=g","url":"https:\/\/secure.gravatar.com\/avatar\/dfcdcbeed7ee2f96d0e1c16496db15ac3d24ceb6727b1563056aba66f64e5dbc?s=96&d=mm&r=g","contentUrl":"https:\/\/secure.gravatar.com\/avatar\/dfcdcbeed7ee2f96d0e1c16496db15ac3d24ceb6727b1563056aba66f64e5dbc?s=96&d=mm&r=g","caption":"villevesuviane"},"sameAs":["http:\/\/www.villevesuviane.net"]}]}},"_links":{"self":[{"href":"https:\/\/www.villevesuviane.net\/en\/wp-json\/wp\/v2\/posts\/2763","targetHints":{"allow":["GET"]}}],"collection":[{"href":"https:\/\/www.villevesuviane.net\/en\/wp-json\/wp\/v2\/posts"}],"about":[{"href":"https:\/\/www.villevesuviane.net\/en\/wp-json\/wp\/v2\/types\/post"}],"author":[{"embeddable":true,"href":"https:\/\/www.villevesuviane.net\/en\/wp-json\/wp\/v2\/users\/1"}],"replies":[{"embeddable":true,"href":"https:\/\/www.villevesuviane.net\/en\/wp-json\/wp\/v2\/comments?post=2763"}],"version-history":[{"count":1,"href":"https:\/\/www.villevesuviane.net\/en\/wp-json\/wp\/v2\/posts\/2763\/revisions"}],"predecessor-version":[{"id":2764,"href":"https:\/\/www.villevesuviane.net\/en\/wp-json\/wp\/v2\/posts\/2763\/revisions\/2764"}],"wp:featuredmedia":[{"embeddable":true,"href":"https:\/\/www.villevesuviane.net\/en\/wp-json\/wp\/v2\/media\/2642"}],"wp:attachment":[{"href":"https:\/\/www.villevesuviane.net\/en\/wp-json\/wp\/v2\/media?parent=2763"}],"wp:term":[{"taxonomy":"category","embeddable":true,"href":"https:\/\/www.villevesuviane.net\/en\/wp-json\/wp\/v2\/categories?post=2763"},{"taxonomy":"post_tag","embeddable":true,"href":"https:\/\/www.villevesuviane.net\/en\/wp-json\/wp\/v2\/tags?post=2763"}],"curies":[{"name":"wp","href":"https:\/\/api.w.org\/{rel}","templated":true}]}}