{"id":4119,"date":"2022-09-15T14:58:25","date_gmt":"2022-09-15T12:58:25","guid":{"rendered":"https:\/\/www.villevesuviane.net\/?p=4119"},"modified":"2022-09-21T14:02:02","modified_gmt":"2022-09-21T12:02:02","slug":"lavia-omaggia-leopardi-e-wilde-al-festival-delle-ville-vesuviane","status":"publish","type":"post","link":"https:\/\/www.villevesuviane.net\/en\/rassegna-stampa\/lavia-omaggia-leopardi-e-wilde-al-festival-delle-ville-vesuviane\/","title":{"rendered":"Lavia omaggia Leopardi e Wilde al Festival delle Ville Vesuviane"},"content":{"rendered":"<p>NAPOLI.<\/p>\n<p>Gabriele Lavia (nella foto) \u00e8 ritornato in citt\u00e0 con un affascinante recital al Festival delle Ville Vesuviane. Un doppio appuntamento, nei giorni 21 e 22 settembre 2021 a Villa Campolieto di Ercolano, che lo vede impegnato nell&#8217;esegesi di due grandissimi autori, Leopardi e Wilde, \u201cLavia dice Leopardi\u201d e \u201cLe favole di Oscar Wilde\u201d, a chiusura degli appuntamenti di teatro del Festival delle Ville Vesuviane. \u00abLe poesie di Leopardi sono talmente belle e profonde che basta pronunciarne il suono, non ci vuole altro. Da sempre mi diletto a leggere componimenti di questo gran genio. Queste mi hanno appassionato sempre enormemente. Da ragazzo volli impararle a memoria, per averle sempre con me. Da quel momento non ho mai smesso di dirle. Leopardi \u00e9 uno scrittore estremamente complesso, banalmente spesso accade che si assegna una poesia come &#8220;Il sabato del villaggio&#8221; a giovani studenti interpretandolo come semplice componimento bucolico al contrario parliamo di qualcosa di estremamente diverso e di molto profondo\u00bb. E come non pensare a Leopardi e alla sua analisi della natura: la poesia influenzata dal cosiddetto pessimismo cosmico, la conclusiva evoluzione del pensiero del poeta. L\u2019infelicit\u00e0, secondo Leopardi, provocata dalla natura che induce l\u2019uomo a desiderare la felicit\u00e0 per poi negargliela. La natura come una perfida forza cieca legata a un eterno ciclo di creazione e distruzione. Le creature viste come un\u2019infima parte di questo ciclo, nel quale esse ricoprono un ruolo del tutto irrilevante. \u00abPer me &#8211; afferma Lavia &#8211; dire Leopardi a una platea significa vivere una straordinaria ed profondissima esperienza &#8211; continua Lavia-\u00c9 qualcosa per\u00f2 anche di estremamente naturale. Significa improvvisare, significa affrontare un argomento a me caro e che tratto e studio da sempre.<\/p>\n<p>Anche se per tutto il tempo dello spettacolo rimango praticamente immobile, ripercorrere quei versi e quel pensiero equivale per me a fare una maratona restando fermo sul posto\u00bb. Lavia parlandone, trasportato da un luminoso furore, definisce il poeta di Recanati un \u00abgenio assoluto\u00bb, capace di scrivere poesie paragonabili a canzoni jazz per il loro librarsi e rimodularsi continuo, per la loro libert\u00e0 metrica. Quello dell\u2019attore e regista per Giacomo Leopardi, autore di liriche e sonetti indelebili nella memoria collettiva e nella Letteratura, \u00e8 un amore pi\u00f9 volte dichiarato apertamente. La conoscenza e lo studio, iniziati sui banchi di scuola, sono poi proseguiti autonomamente negli anni, fino a stringere un legame sempre pi\u00f9 forte con le parole del poeta, col suo immaginario, con l\u2019intensit\u00e0 e la profondit\u00e0 della sua produzione. \u00c8 per questo che Lavia non si limita a leggere o interpretare o recitare.<\/p>\n<p>Lo spettacolo, di cui \u00e8 creatore e protagonista unico, \u00e8 presentato in una chiave molto personale, quasi un racconto a tu per tu col pubblico, un voler sondare l\u2019animo umano attraverso questi versi. Gabriele Lavia affronta poi per la prima volta le favole di Oscar Wilde, e ricerca in questi testi il pretesto per abbandonarci all&#8217;ascolto di storie fantastiche, che alludono alle contraddizioni di una moralit\u00e0 che condiziona spesso la vita. All&#8217;apice della notoriet\u00e0 infatti lo scrittore inglese scrisse alcune fiabe per i figli Cyril e Vyvyan, allora bambini: sono storie malinconiche, popolate da personaggi memorabili: \u00abPerch\u00e9 la poetica di Wilde \u00e8 molto pi\u00f9 di una parola sublime, \u00e8 la nudit\u00e0 smeraldina di un\u2019anima. Ed \u00e8 la decisione consapevole di un uomo che ha scelto l\u2019arte come specchio di s\u00e9 imponendosi per\u00f2 di non mentire, di non confondersi alla vista mascherandosi con i suoi serici drappi. Wilde \u00e9 uno scrittore grandissimo che merita di esser approfondito ancora ed ancora, costretto a lasciare il Quisisana di Capri, dove era stato riconosciuto e dove \u201cmi hanno negato anche il pane\u201d. Queste non sono favole convenzionali, in Oscar Wilde non vi \u00e8 mai il lieto fine. Wilde, come Pirandello, ha il sentimento del contrario. Non c\u2019\u00e8 nessuno che visse felice e contento. Vissero tutti infelici e scontenti. Questa \u00e8 la caratteristica di queste favole cos\u00ec complesse, amare, ma anche comiche se vogliamo. Marito, padre, processato per omosessualit\u00e0. Insomma un grande autore, che scava nel profondo e che merita di esser analizzato con riguardo ed attenzione\u00bb.<\/p>\n<p>&nbsp;<\/p>\n<p>Fonte <a href=\"https:\/\/www.ilroma.net\/news\/spettacoli\/lavia-omaggia-leopardi-e-wilde-al-festival-delle-ville-vesuviane\"><strong>IlRoma.net<\/strong><\/a><\/p>\n","protected":false},"excerpt":{"rendered":"<p>NAPOLI. Gabriele Lavia (nella foto) \u00e8 ritornato in citt\u00e0 con un affascinante recital al Festival delle Ville Vesuviane. Un doppio appuntamento, nei giorni 21 e 22 settembre 2021 a Villa [&hellip;]<\/p>\n","protected":false},"author":1,"featured_media":4122,"comment_status":"open","ping_status":"open","sticky":false,"template":"","format":"standard","meta":{"_acf_changed":false,"footnotes":""},"categories":[82,31],"tags":[],"class_list":["post-4119","post","type-post","status-publish","format-standard","has-post-thumbnail","hentry","category-festival-delle-ville-vesuviane-2022-en","category-rassegna-stampa"],"acf":[],"yoast_head":"<!-- This site is optimized with the Yoast SEO plugin v27.5 - https:\/\/yoast.com\/product\/yoast-seo-wordpress\/ -->\n<title>Lavia omaggia Leopardi e Wilde al Festival delle Ville Vesuviane - Ville Vesuviane<\/title>\n<meta name=\"robots\" content=\"index, follow, max-snippet:-1, max-image-preview:large, max-video-preview:-1\" \/>\n<link rel=\"canonical\" href=\"https:\/\/www.villevesuviane.net\/en\/rassegna-stampa\/lavia-omaggia-leopardi-e-wilde-al-festival-delle-ville-vesuviane\/\" \/>\n<meta property=\"og:locale\" content=\"en_US\" \/>\n<meta property=\"og:type\" content=\"article\" \/>\n<meta property=\"og:title\" content=\"Lavia omaggia Leopardi e Wilde al Festival delle Ville Vesuviane - Ville Vesuviane\" \/>\n<meta property=\"og:description\" content=\"NAPOLI. Gabriele Lavia (nella foto) \u00e8 ritornato in citt\u00e0 con un affascinante recital al Festival delle Ville Vesuviane. Un doppio appuntamento, nei giorni 21 e 22 settembre 2021 a Villa [&hellip;]\" \/>\n<meta property=\"og:url\" content=\"https:\/\/www.villevesuviane.net\/rassegna-stampa\/lavia-omaggia-leopardi-e-wilde-al-festival-delle-ville-vesuviane\/\" \/>\n<meta property=\"og:site_name\" content=\"Ville Vesuviane\" \/>\n<meta property=\"article:publisher\" content=\"https:\/\/www.facebook.com\/villevesuviane.net\/\" \/>\n<meta property=\"article:published_time\" content=\"2022-09-15T12:58:25+00:00\" \/>\n<meta property=\"article:modified_time\" content=\"2022-09-21T12:02:02+00:00\" \/>\n<meta property=\"og:image\" content=\"https:\/\/www.villevesuviane.net\/wp-content\/uploads\/2021\/09\/ilroma-Lavia-1.jpg\" \/>\n\t<meta property=\"og:image:width\" content=\"750\" \/>\n\t<meta property=\"og:image:height\" content=\"456\" \/>\n\t<meta property=\"og:image:type\" content=\"image\/jpeg\" \/>\n<meta name=\"author\" content=\"villevesuviane\" \/>\n<meta name=\"twitter:card\" content=\"summary_large_image\" \/>\n<meta name=\"twitter:label1\" content=\"Written by\" \/>\n\t<meta name=\"twitter:data1\" content=\"villevesuviane\" \/>\n\t<meta name=\"twitter:label2\" content=\"Est. reading time\" \/>\n\t<meta name=\"twitter:data2\" content=\"3 minutes\" \/>\n<script type=\"application\/ld+json\" class=\"yoast-schema-graph\">{\"@context\":\"https:\\\/\\\/schema.org\",\"@graph\":[{\"@type\":\"Article\",\"@id\":\"https:\\\/\\\/www.villevesuviane.net\\\/rassegna-stampa\\\/lavia-omaggia-leopardi-e-wilde-al-festival-delle-ville-vesuviane\\\/#article\",\"isPartOf\":{\"@id\":\"https:\\\/\\\/www.villevesuviane.net\\\/rassegna-stampa\\\/lavia-omaggia-leopardi-e-wilde-al-festival-delle-ville-vesuviane\\\/\"},\"author\":{\"name\":\"villevesuviane\",\"@id\":\"https:\\\/\\\/www.villevesuviane.net\\\/#\\\/schema\\\/person\\\/969865feaea8cec02dbee3b42c8d68a6\"},\"headline\":\"Lavia omaggia Leopardi e Wilde al Festival delle Ville Vesuviane\",\"datePublished\":\"2022-09-15T12:58:25+00:00\",\"dateModified\":\"2022-09-21T12:02:02+00:00\",\"mainEntityOfPage\":{\"@id\":\"https:\\\/\\\/www.villevesuviane.net\\\/rassegna-stampa\\\/lavia-omaggia-leopardi-e-wilde-al-festival-delle-ville-vesuviane\\\/\"},\"wordCount\":680,\"commentCount\":0,\"image\":{\"@id\":\"https:\\\/\\\/www.villevesuviane.net\\\/rassegna-stampa\\\/lavia-omaggia-leopardi-e-wilde-al-festival-delle-ville-vesuviane\\\/#primaryimage\"},\"thumbnailUrl\":\"https:\\\/\\\/www.villevesuviane.net\\\/wp-content\\\/uploads\\\/2021\\\/09\\\/ilroma-Lavia-1.jpg\",\"articleSection\":[\"Festival delle Ville Vesuviane 2022\",\"Rassegna Stampa\"],\"inLanguage\":\"en-US\",\"potentialAction\":[{\"@type\":\"CommentAction\",\"name\":\"Comment\",\"target\":[\"https:\\\/\\\/www.villevesuviane.net\\\/rassegna-stampa\\\/lavia-omaggia-leopardi-e-wilde-al-festival-delle-ville-vesuviane\\\/#respond\"]}]},{\"@type\":\"WebPage\",\"@id\":\"https:\\\/\\\/www.villevesuviane.net\\\/rassegna-stampa\\\/lavia-omaggia-leopardi-e-wilde-al-festival-delle-ville-vesuviane\\\/\",\"url\":\"https:\\\/\\\/www.villevesuviane.net\\\/rassegna-stampa\\\/lavia-omaggia-leopardi-e-wilde-al-festival-delle-ville-vesuviane\\\/\",\"name\":\"Lavia omaggia Leopardi e Wilde al Festival delle Ville Vesuviane - Ville Vesuviane\",\"isPartOf\":{\"@id\":\"https:\\\/\\\/www.villevesuviane.net\\\/#website\"},\"primaryImageOfPage\":{\"@id\":\"https:\\\/\\\/www.villevesuviane.net\\\/rassegna-stampa\\\/lavia-omaggia-leopardi-e-wilde-al-festival-delle-ville-vesuviane\\\/#primaryimage\"},\"image\":{\"@id\":\"https:\\\/\\\/www.villevesuviane.net\\\/rassegna-stampa\\\/lavia-omaggia-leopardi-e-wilde-al-festival-delle-ville-vesuviane\\\/#primaryimage\"},\"thumbnailUrl\":\"https:\\\/\\\/www.villevesuviane.net\\\/wp-content\\\/uploads\\\/2021\\\/09\\\/ilroma-Lavia-1.jpg\",\"datePublished\":\"2022-09-15T12:58:25+00:00\",\"dateModified\":\"2022-09-21T12:02:02+00:00\",\"author\":{\"@id\":\"https:\\\/\\\/www.villevesuviane.net\\\/#\\\/schema\\\/person\\\/969865feaea8cec02dbee3b42c8d68a6\"},\"breadcrumb\":{\"@id\":\"https:\\\/\\\/www.villevesuviane.net\\\/rassegna-stampa\\\/lavia-omaggia-leopardi-e-wilde-al-festival-delle-ville-vesuviane\\\/#breadcrumb\"},\"inLanguage\":\"en-US\",\"potentialAction\":[{\"@type\":\"ReadAction\",\"target\":[\"https:\\\/\\\/www.villevesuviane.net\\\/rassegna-stampa\\\/lavia-omaggia-leopardi-e-wilde-al-festival-delle-ville-vesuviane\\\/\"]}]},{\"@type\":\"ImageObject\",\"inLanguage\":\"en-US\",\"@id\":\"https:\\\/\\\/www.villevesuviane.net\\\/rassegna-stampa\\\/lavia-omaggia-leopardi-e-wilde-al-festival-delle-ville-vesuviane\\\/#primaryimage\",\"url\":\"https:\\\/\\\/www.villevesuviane.net\\\/wp-content\\\/uploads\\\/2021\\\/09\\\/ilroma-Lavia-1.jpg\",\"contentUrl\":\"https:\\\/\\\/www.villevesuviane.net\\\/wp-content\\\/uploads\\\/2021\\\/09\\\/ilroma-Lavia-1.jpg\",\"width\":750,\"height\":456},{\"@type\":\"BreadcrumbList\",\"@id\":\"https:\\\/\\\/www.villevesuviane.net\\\/rassegna-stampa\\\/lavia-omaggia-leopardi-e-wilde-al-festival-delle-ville-vesuviane\\\/#breadcrumb\",\"itemListElement\":[{\"@type\":\"ListItem\",\"position\":1,\"name\":\"Home\",\"item\":\"https:\\\/\\\/www.villevesuviane.net\\\/\"},{\"@type\":\"ListItem\",\"position\":2,\"name\":\"Lavia omaggia Leopardi e Wilde al Festival delle Ville Vesuviane\"}]},{\"@type\":\"WebSite\",\"@id\":\"https:\\\/\\\/www.villevesuviane.net\\\/#website\",\"url\":\"https:\\\/\\\/www.villevesuviane.net\\\/\",\"name\":\"Ville Vesuviane\",\"description\":\"Fondazione Ente Ville Vesuviane\",\"potentialAction\":[{\"@type\":\"SearchAction\",\"target\":{\"@type\":\"EntryPoint\",\"urlTemplate\":\"https:\\\/\\\/www.villevesuviane.net\\\/?s={search_term_string}\"},\"query-input\":{\"@type\":\"PropertyValueSpecification\",\"valueRequired\":true,\"valueName\":\"search_term_string\"}}],\"inLanguage\":\"en-US\"},{\"@type\":\"Person\",\"@id\":\"https:\\\/\\\/www.villevesuviane.net\\\/#\\\/schema\\\/person\\\/969865feaea8cec02dbee3b42c8d68a6\",\"name\":\"villevesuviane\",\"image\":{\"@type\":\"ImageObject\",\"inLanguage\":\"en-US\",\"@id\":\"https:\\\/\\\/secure.gravatar.com\\\/avatar\\\/dfcdcbeed7ee2f96d0e1c16496db15ac3d24ceb6727b1563056aba66f64e5dbc?s=96&d=mm&r=g\",\"url\":\"https:\\\/\\\/secure.gravatar.com\\\/avatar\\\/dfcdcbeed7ee2f96d0e1c16496db15ac3d24ceb6727b1563056aba66f64e5dbc?s=96&d=mm&r=g\",\"contentUrl\":\"https:\\\/\\\/secure.gravatar.com\\\/avatar\\\/dfcdcbeed7ee2f96d0e1c16496db15ac3d24ceb6727b1563056aba66f64e5dbc?s=96&d=mm&r=g\",\"caption\":\"villevesuviane\"},\"sameAs\":[\"http:\\\/\\\/www.villevesuviane.net\"]}]}<\/script>\n<!-- \/ Yoast SEO plugin. -->","yoast_head_json":{"title":"Lavia omaggia Leopardi e Wilde al Festival delle Ville Vesuviane - Ville Vesuviane","robots":{"index":"index","follow":"follow","max-snippet":"max-snippet:-1","max-image-preview":"max-image-preview:large","max-video-preview":"max-video-preview:-1"},"canonical":"https:\/\/www.villevesuviane.net\/en\/rassegna-stampa\/lavia-omaggia-leopardi-e-wilde-al-festival-delle-ville-vesuviane\/","og_locale":"en_US","og_type":"article","og_title":"Lavia omaggia Leopardi e Wilde al Festival delle Ville Vesuviane - Ville Vesuviane","og_description":"NAPOLI. Gabriele Lavia (nella foto) \u00e8 ritornato in citt\u00e0 con un affascinante recital al Festival delle Ville Vesuviane. Un doppio appuntamento, nei giorni 21 e 22 settembre 2021 a Villa [&hellip;]","og_url":"https:\/\/www.villevesuviane.net\/rassegna-stampa\/lavia-omaggia-leopardi-e-wilde-al-festival-delle-ville-vesuviane\/","og_site_name":"Ville Vesuviane","article_publisher":"https:\/\/www.facebook.com\/villevesuviane.net\/","article_published_time":"2022-09-15T12:58:25+00:00","article_modified_time":"2022-09-21T12:02:02+00:00","og_image":[{"width":750,"height":456,"url":"https:\/\/www.villevesuviane.net\/wp-content\/uploads\/2021\/09\/ilroma-Lavia-1.jpg","type":"image\/jpeg"}],"author":"villevesuviane","twitter_card":"summary_large_image","twitter_misc":{"Written by":"villevesuviane","Est. reading time":"3 minutes"},"schema":{"@context":"https:\/\/schema.org","@graph":[{"@type":"Article","@id":"https:\/\/www.villevesuviane.net\/rassegna-stampa\/lavia-omaggia-leopardi-e-wilde-al-festival-delle-ville-vesuviane\/#article","isPartOf":{"@id":"https:\/\/www.villevesuviane.net\/rassegna-stampa\/lavia-omaggia-leopardi-e-wilde-al-festival-delle-ville-vesuviane\/"},"author":{"name":"villevesuviane","@id":"https:\/\/www.villevesuviane.net\/#\/schema\/person\/969865feaea8cec02dbee3b42c8d68a6"},"headline":"Lavia omaggia Leopardi e Wilde al Festival delle Ville Vesuviane","datePublished":"2022-09-15T12:58:25+00:00","dateModified":"2022-09-21T12:02:02+00:00","mainEntityOfPage":{"@id":"https:\/\/www.villevesuviane.net\/rassegna-stampa\/lavia-omaggia-leopardi-e-wilde-al-festival-delle-ville-vesuviane\/"},"wordCount":680,"commentCount":0,"image":{"@id":"https:\/\/www.villevesuviane.net\/rassegna-stampa\/lavia-omaggia-leopardi-e-wilde-al-festival-delle-ville-vesuviane\/#primaryimage"},"thumbnailUrl":"https:\/\/www.villevesuviane.net\/wp-content\/uploads\/2021\/09\/ilroma-Lavia-1.jpg","articleSection":["Festival delle Ville Vesuviane 2022","Rassegna Stampa"],"inLanguage":"en-US","potentialAction":[{"@type":"CommentAction","name":"Comment","target":["https:\/\/www.villevesuviane.net\/rassegna-stampa\/lavia-omaggia-leopardi-e-wilde-al-festival-delle-ville-vesuviane\/#respond"]}]},{"@type":"WebPage","@id":"https:\/\/www.villevesuviane.net\/rassegna-stampa\/lavia-omaggia-leopardi-e-wilde-al-festival-delle-ville-vesuviane\/","url":"https:\/\/www.villevesuviane.net\/rassegna-stampa\/lavia-omaggia-leopardi-e-wilde-al-festival-delle-ville-vesuviane\/","name":"Lavia omaggia Leopardi e Wilde al Festival delle Ville Vesuviane - Ville Vesuviane","isPartOf":{"@id":"https:\/\/www.villevesuviane.net\/#website"},"primaryImageOfPage":{"@id":"https:\/\/www.villevesuviane.net\/rassegna-stampa\/lavia-omaggia-leopardi-e-wilde-al-festival-delle-ville-vesuviane\/#primaryimage"},"image":{"@id":"https:\/\/www.villevesuviane.net\/rassegna-stampa\/lavia-omaggia-leopardi-e-wilde-al-festival-delle-ville-vesuviane\/#primaryimage"},"thumbnailUrl":"https:\/\/www.villevesuviane.net\/wp-content\/uploads\/2021\/09\/ilroma-Lavia-1.jpg","datePublished":"2022-09-15T12:58:25+00:00","dateModified":"2022-09-21T12:02:02+00:00","author":{"@id":"https:\/\/www.villevesuviane.net\/#\/schema\/person\/969865feaea8cec02dbee3b42c8d68a6"},"breadcrumb":{"@id":"https:\/\/www.villevesuviane.net\/rassegna-stampa\/lavia-omaggia-leopardi-e-wilde-al-festival-delle-ville-vesuviane\/#breadcrumb"},"inLanguage":"en-US","potentialAction":[{"@type":"ReadAction","target":["https:\/\/www.villevesuviane.net\/rassegna-stampa\/lavia-omaggia-leopardi-e-wilde-al-festival-delle-ville-vesuviane\/"]}]},{"@type":"ImageObject","inLanguage":"en-US","@id":"https:\/\/www.villevesuviane.net\/rassegna-stampa\/lavia-omaggia-leopardi-e-wilde-al-festival-delle-ville-vesuviane\/#primaryimage","url":"https:\/\/www.villevesuviane.net\/wp-content\/uploads\/2021\/09\/ilroma-Lavia-1.jpg","contentUrl":"https:\/\/www.villevesuviane.net\/wp-content\/uploads\/2021\/09\/ilroma-Lavia-1.jpg","width":750,"height":456},{"@type":"BreadcrumbList","@id":"https:\/\/www.villevesuviane.net\/rassegna-stampa\/lavia-omaggia-leopardi-e-wilde-al-festival-delle-ville-vesuviane\/#breadcrumb","itemListElement":[{"@type":"ListItem","position":1,"name":"Home","item":"https:\/\/www.villevesuviane.net\/"},{"@type":"ListItem","position":2,"name":"Lavia omaggia Leopardi e Wilde al Festival delle Ville Vesuviane"}]},{"@type":"WebSite","@id":"https:\/\/www.villevesuviane.net\/#website","url":"https:\/\/www.villevesuviane.net\/","name":"Ville Vesuviane","description":"Fondazione Ente Ville Vesuviane","potentialAction":[{"@type":"SearchAction","target":{"@type":"EntryPoint","urlTemplate":"https:\/\/www.villevesuviane.net\/?s={search_term_string}"},"query-input":{"@type":"PropertyValueSpecification","valueRequired":true,"valueName":"search_term_string"}}],"inLanguage":"en-US"},{"@type":"Person","@id":"https:\/\/www.villevesuviane.net\/#\/schema\/person\/969865feaea8cec02dbee3b42c8d68a6","name":"villevesuviane","image":{"@type":"ImageObject","inLanguage":"en-US","@id":"https:\/\/secure.gravatar.com\/avatar\/dfcdcbeed7ee2f96d0e1c16496db15ac3d24ceb6727b1563056aba66f64e5dbc?s=96&d=mm&r=g","url":"https:\/\/secure.gravatar.com\/avatar\/dfcdcbeed7ee2f96d0e1c16496db15ac3d24ceb6727b1563056aba66f64e5dbc?s=96&d=mm&r=g","contentUrl":"https:\/\/secure.gravatar.com\/avatar\/dfcdcbeed7ee2f96d0e1c16496db15ac3d24ceb6727b1563056aba66f64e5dbc?s=96&d=mm&r=g","caption":"villevesuviane"},"sameAs":["http:\/\/www.villevesuviane.net"]}]}},"_links":{"self":[{"href":"https:\/\/www.villevesuviane.net\/en\/wp-json\/wp\/v2\/posts\/4119","targetHints":{"allow":["GET"]}}],"collection":[{"href":"https:\/\/www.villevesuviane.net\/en\/wp-json\/wp\/v2\/posts"}],"about":[{"href":"https:\/\/www.villevesuviane.net\/en\/wp-json\/wp\/v2\/types\/post"}],"author":[{"embeddable":true,"href":"https:\/\/www.villevesuviane.net\/en\/wp-json\/wp\/v2\/users\/1"}],"replies":[{"embeddable":true,"href":"https:\/\/www.villevesuviane.net\/en\/wp-json\/wp\/v2\/comments?post=4119"}],"version-history":[{"count":3,"href":"https:\/\/www.villevesuviane.net\/en\/wp-json\/wp\/v2\/posts\/4119\/revisions"}],"predecessor-version":[{"id":8695,"href":"https:\/\/www.villevesuviane.net\/en\/wp-json\/wp\/v2\/posts\/4119\/revisions\/8695"}],"wp:featuredmedia":[{"embeddable":true,"href":"https:\/\/www.villevesuviane.net\/en\/wp-json\/wp\/v2\/media\/4122"}],"wp:attachment":[{"href":"https:\/\/www.villevesuviane.net\/en\/wp-json\/wp\/v2\/media?parent=4119"}],"wp:term":[{"taxonomy":"category","embeddable":true,"href":"https:\/\/www.villevesuviane.net\/en\/wp-json\/wp\/v2\/categories?post=4119"},{"taxonomy":"post_tag","embeddable":true,"href":"https:\/\/www.villevesuviane.net\/en\/wp-json\/wp\/v2\/tags?post=4119"}],"curies":[{"name":"wp","href":"https:\/\/api.w.org\/{rel}","templated":true}]}}