{"id":4125,"date":"2022-09-15T14:56:32","date_gmt":"2022-09-15T12:56:32","guid":{"rendered":"https:\/\/www.villevesuviane.net\/?p=4125"},"modified":"2022-09-15T14:56:32","modified_gmt":"2022-09-15T12:56:32","slug":"da-procida-a-parigi-passando-per-mi-art-e-dopo-un-anno-e-mezzo-di-digiuno-gli-art-lover-si-buttano-in-pista","status":"publish","type":"post","link":"https:\/\/www.villevesuviane.net\/en\/rassegna-stampa\/da-procida-a-parigi-passando-per-mi-art-e-dopo-un-anno-e-mezzo-di-digiuno-gli-art-lover-si-buttano-in-pista\/","title":{"rendered":"Da Procida a Parigi, passando per Mi Art, e dopo un anno e mezzo di digiuno gli art lover si buttano in pista"},"content":{"rendered":"<p><em>Dal palcoscenico di Villa Campolieto un intenso Gabriele Lavia: \u201cTranquilli, Il Teatro non \u00e8 morto. E non morir\u00e0 mai. E se voi non l\u2019abbandonate, non vi abbandoner\u00e0 mai\u201d<\/em><\/p>\n<p>L\u2019isola d\u2019Arturo e delle Gallerie. Oh s\u00ec, che sarebbe piaciuto questa nuova veste d\u2019intelletto chic a Elsa Morante che le dedic\u00f2 uno dei suoi romanzi pi\u00f9 intensi. Sarebbe felice anche di sapere che Procida \u00e8 la prossima Capitale della Cultura e per festeggiarsi ha ospitato un\u2019 interessantissima \u201cmostra diffusa\u201d organizzata da Italics, a cura di Vincenzo de Bellis, con la super consulenza di Damiana Leoni (gi\u00e0 consulente di Art Basel). Insieme hanno riunito le pi\u00f9 autorevoli gallerie di arte antica, moderna e contemporanea del Bel Paese e non solo. Perch\u00e9 Piccolo \u00e8 bello. In tanti ci siamo innamorati dei piccoli borghi, osannati da influencer e arcaista (vedi Mick Jagger in Sicilia e Madonna in treno in Puglia) visti come luoghi pi\u00f9 sani in tempi di pandemia.<\/p>\n<p>Dicevamo un\u2019 invasione \u201ccontaminata\u201d da mattina a sera tra giardini, terrazze, chiese, vicoli, piazze, panorami, case private. Da Torra Murata alla Corricella, ancora impresse nella memoria di tutti le immagini de Il Postino di Massimo Troisi. Lia Rumma ci fa vedere attraverso il buco della serratura (e non \u00e8 una metafora) di una vecchia casa di pescatori lo sbarco dei migranti. La guerriera di Patrizia Albanese \u00e8 incastonata in una nicchia di pietra porosa. Mimmo Paladino sceglie l\u2019ex carcere di Palazzo Davalos, stupefacente anche se in rovina. Mentre la \u201cFine di Dio\u201d di Lucio Fontana viene esposta per la prima volta in luogo sacro, la cappella di Santa Maria Regina della Purit\u00e0, quasi un gesto di perdono per il titolo blasfemo. Da oggi invece parte il Procida Film Festival con anteprima nazionale di \u201cIo, nel Gioco delle Seduzioni\u201d, tratto dal romanzo di Lidia Ravera, protagonista un formidabile Andrea Renzi.<\/p>\n<p>Fonte <a href=\"https:\/\/www.ilfattoquotidiano.it\/2021\/09\/22\/da-procida-a-parigi-passando-per-mi-art-e-dopo-un-anno-e-mezzo-di-digiuno-gli-art-lover-si-buttano-in-pista\/6329243\/\"><strong>Il Fatto Quotidiano<\/strong><\/a><\/p>\n","protected":false},"excerpt":{"rendered":"<p>Dal palcoscenico di Villa Campolieto un intenso Gabriele Lavia: \u201cTranquilli, Il Teatro non \u00e8 morto. E non morir\u00e0 mai. E se voi non l\u2019abbandonate, non vi abbandoner\u00e0 mai\u201d L\u2019isola d\u2019Arturo [&hellip;]<\/p>\n","protected":false},"author":1,"featured_media":4128,"comment_status":"open","ping_status":"open","sticky":false,"template":"","format":"standard","meta":{"_acf_changed":false,"footnotes":""},"categories":[31],"tags":[],"class_list":["post-4125","post","type-post","status-publish","format-standard","has-post-thumbnail","hentry","category-rassegna-stampa"],"acf":[],"yoast_head":"<!-- This site is optimized with the Yoast SEO plugin v27.5 - https:\/\/yoast.com\/product\/yoast-seo-wordpress\/ -->\n<title>Da Procida a Parigi, passando per Mi Art, e dopo un anno e mezzo di digiuno gli art lover si buttano in pista - Ville Vesuviane<\/title>\n<meta name=\"robots\" content=\"index, follow, max-snippet:-1, max-image-preview:large, max-video-preview:-1\" \/>\n<link rel=\"canonical\" href=\"https:\/\/www.villevesuviane.net\/en\/rassegna-stampa\/da-procida-a-parigi-passando-per-mi-art-e-dopo-un-anno-e-mezzo-di-digiuno-gli-art-lover-si-buttano-in-pista\/\" \/>\n<meta property=\"og:locale\" content=\"en_US\" \/>\n<meta property=\"og:type\" content=\"article\" \/>\n<meta property=\"og:title\" content=\"Da Procida a Parigi, passando per Mi Art, e dopo un anno e mezzo di digiuno gli art lover si buttano in pista - Ville Vesuviane\" \/>\n<meta property=\"og:description\" content=\"Dal palcoscenico di Villa Campolieto un intenso Gabriele Lavia: \u201cTranquilli, Il Teatro non \u00e8 morto. E non morir\u00e0 mai. E se voi non l\u2019abbandonate, non vi abbandoner\u00e0 mai\u201d L\u2019isola d\u2019Arturo [&hellip;]\" \/>\n<meta property=\"og:url\" content=\"https:\/\/www.villevesuviane.net\/rassegna-stampa\/da-procida-a-parigi-passando-per-mi-art-e-dopo-un-anno-e-mezzo-di-digiuno-gli-art-lover-si-buttano-in-pista\/\" \/>\n<meta property=\"og:site_name\" content=\"Ville Vesuviane\" \/>\n<meta property=\"article:publisher\" content=\"https:\/\/www.facebook.com\/villevesuviane.net\/\" \/>\n<meta property=\"article:published_time\" content=\"2022-09-15T12:56:32+00:00\" \/>\n<meta property=\"og:image\" content=\"https:\/\/www.villevesuviane.net\/wp-content\/uploads\/2021\/09\/il-fatto-quotidiano.jpg\" \/>\n\t<meta property=\"og:image:width\" content=\"690\" \/>\n\t<meta property=\"og:image:height\" content=\"362\" \/>\n\t<meta property=\"og:image:type\" content=\"image\/jpeg\" \/>\n<meta name=\"author\" content=\"villevesuviane\" \/>\n<meta name=\"twitter:card\" content=\"summary_large_image\" \/>\n<meta name=\"twitter:label1\" content=\"Written by\" \/>\n\t<meta name=\"twitter:data1\" content=\"villevesuviane\" \/>\n\t<meta name=\"twitter:label2\" content=\"Est. reading time\" \/>\n\t<meta name=\"twitter:data2\" content=\"2 minutes\" \/>\n<script type=\"application\/ld+json\" class=\"yoast-schema-graph\">{\"@context\":\"https:\\\/\\\/schema.org\",\"@graph\":[{\"@type\":\"Article\",\"@id\":\"https:\\\/\\\/www.villevesuviane.net\\\/rassegna-stampa\\\/da-procida-a-parigi-passando-per-mi-art-e-dopo-un-anno-e-mezzo-di-digiuno-gli-art-lover-si-buttano-in-pista\\\/#article\",\"isPartOf\":{\"@id\":\"https:\\\/\\\/www.villevesuviane.net\\\/rassegna-stampa\\\/da-procida-a-parigi-passando-per-mi-art-e-dopo-un-anno-e-mezzo-di-digiuno-gli-art-lover-si-buttano-in-pista\\\/\"},\"author\":{\"name\":\"villevesuviane\",\"@id\":\"https:\\\/\\\/www.villevesuviane.net\\\/#\\\/schema\\\/person\\\/969865feaea8cec02dbee3b42c8d68a6\"},\"headline\":\"Da Procida a Parigi, passando per Mi Art, e dopo un anno e mezzo di digiuno gli art lover si buttano in pista\",\"datePublished\":\"2022-09-15T12:56:32+00:00\",\"mainEntityOfPage\":{\"@id\":\"https:\\\/\\\/www.villevesuviane.net\\\/rassegna-stampa\\\/da-procida-a-parigi-passando-per-mi-art-e-dopo-un-anno-e-mezzo-di-digiuno-gli-art-lover-si-buttano-in-pista\\\/\"},\"wordCount\":330,\"commentCount\":0,\"image\":{\"@id\":\"https:\\\/\\\/www.villevesuviane.net\\\/rassegna-stampa\\\/da-procida-a-parigi-passando-per-mi-art-e-dopo-un-anno-e-mezzo-di-digiuno-gli-art-lover-si-buttano-in-pista\\\/#primaryimage\"},\"thumbnailUrl\":\"https:\\\/\\\/www.villevesuviane.net\\\/wp-content\\\/uploads\\\/2021\\\/09\\\/il-fatto-quotidiano.jpg\",\"articleSection\":[\"Rassegna Stampa\"],\"inLanguage\":\"en-US\",\"potentialAction\":[{\"@type\":\"CommentAction\",\"name\":\"Comment\",\"target\":[\"https:\\\/\\\/www.villevesuviane.net\\\/rassegna-stampa\\\/da-procida-a-parigi-passando-per-mi-art-e-dopo-un-anno-e-mezzo-di-digiuno-gli-art-lover-si-buttano-in-pista\\\/#respond\"]}]},{\"@type\":\"WebPage\",\"@id\":\"https:\\\/\\\/www.villevesuviane.net\\\/rassegna-stampa\\\/da-procida-a-parigi-passando-per-mi-art-e-dopo-un-anno-e-mezzo-di-digiuno-gli-art-lover-si-buttano-in-pista\\\/\",\"url\":\"https:\\\/\\\/www.villevesuviane.net\\\/rassegna-stampa\\\/da-procida-a-parigi-passando-per-mi-art-e-dopo-un-anno-e-mezzo-di-digiuno-gli-art-lover-si-buttano-in-pista\\\/\",\"name\":\"Da Procida a Parigi, passando per Mi Art, e dopo un anno e mezzo di digiuno gli art lover si buttano in pista - Ville Vesuviane\",\"isPartOf\":{\"@id\":\"https:\\\/\\\/www.villevesuviane.net\\\/#website\"},\"primaryImageOfPage\":{\"@id\":\"https:\\\/\\\/www.villevesuviane.net\\\/rassegna-stampa\\\/da-procida-a-parigi-passando-per-mi-art-e-dopo-un-anno-e-mezzo-di-digiuno-gli-art-lover-si-buttano-in-pista\\\/#primaryimage\"},\"image\":{\"@id\":\"https:\\\/\\\/www.villevesuviane.net\\\/rassegna-stampa\\\/da-procida-a-parigi-passando-per-mi-art-e-dopo-un-anno-e-mezzo-di-digiuno-gli-art-lover-si-buttano-in-pista\\\/#primaryimage\"},\"thumbnailUrl\":\"https:\\\/\\\/www.villevesuviane.net\\\/wp-content\\\/uploads\\\/2021\\\/09\\\/il-fatto-quotidiano.jpg\",\"datePublished\":\"2022-09-15T12:56:32+00:00\",\"author\":{\"@id\":\"https:\\\/\\\/www.villevesuviane.net\\\/#\\\/schema\\\/person\\\/969865feaea8cec02dbee3b42c8d68a6\"},\"breadcrumb\":{\"@id\":\"https:\\\/\\\/www.villevesuviane.net\\\/rassegna-stampa\\\/da-procida-a-parigi-passando-per-mi-art-e-dopo-un-anno-e-mezzo-di-digiuno-gli-art-lover-si-buttano-in-pista\\\/#breadcrumb\"},\"inLanguage\":\"en-US\",\"potentialAction\":[{\"@type\":\"ReadAction\",\"target\":[\"https:\\\/\\\/www.villevesuviane.net\\\/rassegna-stampa\\\/da-procida-a-parigi-passando-per-mi-art-e-dopo-un-anno-e-mezzo-di-digiuno-gli-art-lover-si-buttano-in-pista\\\/\"]}]},{\"@type\":\"ImageObject\",\"inLanguage\":\"en-US\",\"@id\":\"https:\\\/\\\/www.villevesuviane.net\\\/rassegna-stampa\\\/da-procida-a-parigi-passando-per-mi-art-e-dopo-un-anno-e-mezzo-di-digiuno-gli-art-lover-si-buttano-in-pista\\\/#primaryimage\",\"url\":\"https:\\\/\\\/www.villevesuviane.net\\\/wp-content\\\/uploads\\\/2021\\\/09\\\/il-fatto-quotidiano.jpg\",\"contentUrl\":\"https:\\\/\\\/www.villevesuviane.net\\\/wp-content\\\/uploads\\\/2021\\\/09\\\/il-fatto-quotidiano.jpg\",\"width\":690,\"height\":362},{\"@type\":\"BreadcrumbList\",\"@id\":\"https:\\\/\\\/www.villevesuviane.net\\\/rassegna-stampa\\\/da-procida-a-parigi-passando-per-mi-art-e-dopo-un-anno-e-mezzo-di-digiuno-gli-art-lover-si-buttano-in-pista\\\/#breadcrumb\",\"itemListElement\":[{\"@type\":\"ListItem\",\"position\":1,\"name\":\"Home\",\"item\":\"https:\\\/\\\/www.villevesuviane.net\\\/\"},{\"@type\":\"ListItem\",\"position\":2,\"name\":\"Da Procida a Parigi, passando per Mi Art, e dopo un anno e mezzo di digiuno gli art lover si buttano in pista\"}]},{\"@type\":\"WebSite\",\"@id\":\"https:\\\/\\\/www.villevesuviane.net\\\/#website\",\"url\":\"https:\\\/\\\/www.villevesuviane.net\\\/\",\"name\":\"Ville Vesuviane\",\"description\":\"Fondazione Ente Ville Vesuviane\",\"potentialAction\":[{\"@type\":\"SearchAction\",\"target\":{\"@type\":\"EntryPoint\",\"urlTemplate\":\"https:\\\/\\\/www.villevesuviane.net\\\/?s={search_term_string}\"},\"query-input\":{\"@type\":\"PropertyValueSpecification\",\"valueRequired\":true,\"valueName\":\"search_term_string\"}}],\"inLanguage\":\"en-US\"},{\"@type\":\"Person\",\"@id\":\"https:\\\/\\\/www.villevesuviane.net\\\/#\\\/schema\\\/person\\\/969865feaea8cec02dbee3b42c8d68a6\",\"name\":\"villevesuviane\",\"image\":{\"@type\":\"ImageObject\",\"inLanguage\":\"en-US\",\"@id\":\"https:\\\/\\\/secure.gravatar.com\\\/avatar\\\/dfcdcbeed7ee2f96d0e1c16496db15ac3d24ceb6727b1563056aba66f64e5dbc?s=96&d=mm&r=g\",\"url\":\"https:\\\/\\\/secure.gravatar.com\\\/avatar\\\/dfcdcbeed7ee2f96d0e1c16496db15ac3d24ceb6727b1563056aba66f64e5dbc?s=96&d=mm&r=g\",\"contentUrl\":\"https:\\\/\\\/secure.gravatar.com\\\/avatar\\\/dfcdcbeed7ee2f96d0e1c16496db15ac3d24ceb6727b1563056aba66f64e5dbc?s=96&d=mm&r=g\",\"caption\":\"villevesuviane\"},\"sameAs\":[\"http:\\\/\\\/www.villevesuviane.net\"]}]}<\/script>\n<!-- \/ Yoast SEO plugin. -->","yoast_head_json":{"title":"Da Procida a Parigi, passando per Mi Art, e dopo un anno e mezzo di digiuno gli art lover si buttano in pista - Ville Vesuviane","robots":{"index":"index","follow":"follow","max-snippet":"max-snippet:-1","max-image-preview":"max-image-preview:large","max-video-preview":"max-video-preview:-1"},"canonical":"https:\/\/www.villevesuviane.net\/en\/rassegna-stampa\/da-procida-a-parigi-passando-per-mi-art-e-dopo-un-anno-e-mezzo-di-digiuno-gli-art-lover-si-buttano-in-pista\/","og_locale":"en_US","og_type":"article","og_title":"Da Procida a Parigi, passando per Mi Art, e dopo un anno e mezzo di digiuno gli art lover si buttano in pista - Ville Vesuviane","og_description":"Dal palcoscenico di Villa Campolieto un intenso Gabriele Lavia: \u201cTranquilli, Il Teatro non \u00e8 morto. E non morir\u00e0 mai. E se voi non l\u2019abbandonate, non vi abbandoner\u00e0 mai\u201d L\u2019isola d\u2019Arturo [&hellip;]","og_url":"https:\/\/www.villevesuviane.net\/rassegna-stampa\/da-procida-a-parigi-passando-per-mi-art-e-dopo-un-anno-e-mezzo-di-digiuno-gli-art-lover-si-buttano-in-pista\/","og_site_name":"Ville Vesuviane","article_publisher":"https:\/\/www.facebook.com\/villevesuviane.net\/","article_published_time":"2022-09-15T12:56:32+00:00","og_image":[{"width":690,"height":362,"url":"https:\/\/www.villevesuviane.net\/wp-content\/uploads\/2021\/09\/il-fatto-quotidiano.jpg","type":"image\/jpeg"}],"author":"villevesuviane","twitter_card":"summary_large_image","twitter_misc":{"Written by":"villevesuviane","Est. reading time":"2 minutes"},"schema":{"@context":"https:\/\/schema.org","@graph":[{"@type":"Article","@id":"https:\/\/www.villevesuviane.net\/rassegna-stampa\/da-procida-a-parigi-passando-per-mi-art-e-dopo-un-anno-e-mezzo-di-digiuno-gli-art-lover-si-buttano-in-pista\/#article","isPartOf":{"@id":"https:\/\/www.villevesuviane.net\/rassegna-stampa\/da-procida-a-parigi-passando-per-mi-art-e-dopo-un-anno-e-mezzo-di-digiuno-gli-art-lover-si-buttano-in-pista\/"},"author":{"name":"villevesuviane","@id":"https:\/\/www.villevesuviane.net\/#\/schema\/person\/969865feaea8cec02dbee3b42c8d68a6"},"headline":"Da Procida a Parigi, passando per Mi Art, e dopo un anno e mezzo di digiuno gli art lover si buttano in pista","datePublished":"2022-09-15T12:56:32+00:00","mainEntityOfPage":{"@id":"https:\/\/www.villevesuviane.net\/rassegna-stampa\/da-procida-a-parigi-passando-per-mi-art-e-dopo-un-anno-e-mezzo-di-digiuno-gli-art-lover-si-buttano-in-pista\/"},"wordCount":330,"commentCount":0,"image":{"@id":"https:\/\/www.villevesuviane.net\/rassegna-stampa\/da-procida-a-parigi-passando-per-mi-art-e-dopo-un-anno-e-mezzo-di-digiuno-gli-art-lover-si-buttano-in-pista\/#primaryimage"},"thumbnailUrl":"https:\/\/www.villevesuviane.net\/wp-content\/uploads\/2021\/09\/il-fatto-quotidiano.jpg","articleSection":["Rassegna Stampa"],"inLanguage":"en-US","potentialAction":[{"@type":"CommentAction","name":"Comment","target":["https:\/\/www.villevesuviane.net\/rassegna-stampa\/da-procida-a-parigi-passando-per-mi-art-e-dopo-un-anno-e-mezzo-di-digiuno-gli-art-lover-si-buttano-in-pista\/#respond"]}]},{"@type":"WebPage","@id":"https:\/\/www.villevesuviane.net\/rassegna-stampa\/da-procida-a-parigi-passando-per-mi-art-e-dopo-un-anno-e-mezzo-di-digiuno-gli-art-lover-si-buttano-in-pista\/","url":"https:\/\/www.villevesuviane.net\/rassegna-stampa\/da-procida-a-parigi-passando-per-mi-art-e-dopo-un-anno-e-mezzo-di-digiuno-gli-art-lover-si-buttano-in-pista\/","name":"Da Procida a Parigi, passando per Mi Art, e dopo un anno e mezzo di digiuno gli art lover si buttano in pista - Ville Vesuviane","isPartOf":{"@id":"https:\/\/www.villevesuviane.net\/#website"},"primaryImageOfPage":{"@id":"https:\/\/www.villevesuviane.net\/rassegna-stampa\/da-procida-a-parigi-passando-per-mi-art-e-dopo-un-anno-e-mezzo-di-digiuno-gli-art-lover-si-buttano-in-pista\/#primaryimage"},"image":{"@id":"https:\/\/www.villevesuviane.net\/rassegna-stampa\/da-procida-a-parigi-passando-per-mi-art-e-dopo-un-anno-e-mezzo-di-digiuno-gli-art-lover-si-buttano-in-pista\/#primaryimage"},"thumbnailUrl":"https:\/\/www.villevesuviane.net\/wp-content\/uploads\/2021\/09\/il-fatto-quotidiano.jpg","datePublished":"2022-09-15T12:56:32+00:00","author":{"@id":"https:\/\/www.villevesuviane.net\/#\/schema\/person\/969865feaea8cec02dbee3b42c8d68a6"},"breadcrumb":{"@id":"https:\/\/www.villevesuviane.net\/rassegna-stampa\/da-procida-a-parigi-passando-per-mi-art-e-dopo-un-anno-e-mezzo-di-digiuno-gli-art-lover-si-buttano-in-pista\/#breadcrumb"},"inLanguage":"en-US","potentialAction":[{"@type":"ReadAction","target":["https:\/\/www.villevesuviane.net\/rassegna-stampa\/da-procida-a-parigi-passando-per-mi-art-e-dopo-un-anno-e-mezzo-di-digiuno-gli-art-lover-si-buttano-in-pista\/"]}]},{"@type":"ImageObject","inLanguage":"en-US","@id":"https:\/\/www.villevesuviane.net\/rassegna-stampa\/da-procida-a-parigi-passando-per-mi-art-e-dopo-un-anno-e-mezzo-di-digiuno-gli-art-lover-si-buttano-in-pista\/#primaryimage","url":"https:\/\/www.villevesuviane.net\/wp-content\/uploads\/2021\/09\/il-fatto-quotidiano.jpg","contentUrl":"https:\/\/www.villevesuviane.net\/wp-content\/uploads\/2021\/09\/il-fatto-quotidiano.jpg","width":690,"height":362},{"@type":"BreadcrumbList","@id":"https:\/\/www.villevesuviane.net\/rassegna-stampa\/da-procida-a-parigi-passando-per-mi-art-e-dopo-un-anno-e-mezzo-di-digiuno-gli-art-lover-si-buttano-in-pista\/#breadcrumb","itemListElement":[{"@type":"ListItem","position":1,"name":"Home","item":"https:\/\/www.villevesuviane.net\/"},{"@type":"ListItem","position":2,"name":"Da Procida a Parigi, passando per Mi Art, e dopo un anno e mezzo di digiuno gli art lover si buttano in pista"}]},{"@type":"WebSite","@id":"https:\/\/www.villevesuviane.net\/#website","url":"https:\/\/www.villevesuviane.net\/","name":"Ville Vesuviane","description":"Fondazione Ente Ville Vesuviane","potentialAction":[{"@type":"SearchAction","target":{"@type":"EntryPoint","urlTemplate":"https:\/\/www.villevesuviane.net\/?s={search_term_string}"},"query-input":{"@type":"PropertyValueSpecification","valueRequired":true,"valueName":"search_term_string"}}],"inLanguage":"en-US"},{"@type":"Person","@id":"https:\/\/www.villevesuviane.net\/#\/schema\/person\/969865feaea8cec02dbee3b42c8d68a6","name":"villevesuviane","image":{"@type":"ImageObject","inLanguage":"en-US","@id":"https:\/\/secure.gravatar.com\/avatar\/dfcdcbeed7ee2f96d0e1c16496db15ac3d24ceb6727b1563056aba66f64e5dbc?s=96&d=mm&r=g","url":"https:\/\/secure.gravatar.com\/avatar\/dfcdcbeed7ee2f96d0e1c16496db15ac3d24ceb6727b1563056aba66f64e5dbc?s=96&d=mm&r=g","contentUrl":"https:\/\/secure.gravatar.com\/avatar\/dfcdcbeed7ee2f96d0e1c16496db15ac3d24ceb6727b1563056aba66f64e5dbc?s=96&d=mm&r=g","caption":"villevesuviane"},"sameAs":["http:\/\/www.villevesuviane.net"]}]}},"_links":{"self":[{"href":"https:\/\/www.villevesuviane.net\/en\/wp-json\/wp\/v2\/posts\/4125","targetHints":{"allow":["GET"]}}],"collection":[{"href":"https:\/\/www.villevesuviane.net\/en\/wp-json\/wp\/v2\/posts"}],"about":[{"href":"https:\/\/www.villevesuviane.net\/en\/wp-json\/wp\/v2\/types\/post"}],"author":[{"embeddable":true,"href":"https:\/\/www.villevesuviane.net\/en\/wp-json\/wp\/v2\/users\/1"}],"replies":[{"embeddable":true,"href":"https:\/\/www.villevesuviane.net\/en\/wp-json\/wp\/v2\/comments?post=4125"}],"version-history":[{"count":1,"href":"https:\/\/www.villevesuviane.net\/en\/wp-json\/wp\/v2\/posts\/4125\/revisions"}],"predecessor-version":[{"id":8691,"href":"https:\/\/www.villevesuviane.net\/en\/wp-json\/wp\/v2\/posts\/4125\/revisions\/8691"}],"wp:featuredmedia":[{"embeddable":true,"href":"https:\/\/www.villevesuviane.net\/en\/wp-json\/wp\/v2\/media\/4128"}],"wp:attachment":[{"href":"https:\/\/www.villevesuviane.net\/en\/wp-json\/wp\/v2\/media?parent=4125"}],"wp:term":[{"taxonomy":"category","embeddable":true,"href":"https:\/\/www.villevesuviane.net\/en\/wp-json\/wp\/v2\/categories?post=4125"},{"taxonomy":"post_tag","embeddable":true,"href":"https:\/\/www.villevesuviane.net\/en\/wp-json\/wp\/v2\/tags?post=4125"}],"curies":[{"name":"wp","href":"https:\/\/api.w.org\/{rel}","templated":true}]}}