{"id":8552,"date":"2022-09-01T11:26:07","date_gmt":"2022-09-01T09:26:07","guid":{"rendered":"https:\/\/www.villevesuviane.net\/uncategorized\/festival-delle-ville-vesuviane-a-settembre-il-progetto-700\/"},"modified":"2022-09-15T13:26:21","modified_gmt":"2022-09-15T11:26:21","slug":"festival-delle-ville-vesuviane-a-settembre-il-progetto-700","status":"publish","type":"post","link":"https:\/\/www.villevesuviane.net\/en\/rassegna-stampa-en\/festival-delle-ville-vesuviane-a-settembre-il-progetto-700\/","title":{"rendered":"Festival delle Ville Vesuviane: a settembre il Progetto 700"},"content":{"rendered":"\t\t<div data-elementor-type=\"wp-post\" data-elementor-id=\"8552\" class=\"elementor elementor-8552 elementor-7021\" data-elementor-post-type=\"post\">\n\t\t\t\t\t\t<section class=\"elementor-section elementor-top-section elementor-element elementor-element-a9cac9c elementor-section-boxed elementor-section-height-default elementor-section-height-default\" data-id=\"a9cac9c\" data-element_type=\"section\" data-e-type=\"section\">\n\t\t\t\t\t\t<div class=\"elementor-container elementor-column-gap-default\">\n\t\t\t\t\t<div class=\"elementor-column elementor-col-100 elementor-top-column elementor-element elementor-element-1774355\" data-id=\"1774355\" data-element_type=\"column\" data-e-type=\"column\">\n\t\t\t<div class=\"elementor-widget-wrap elementor-element-populated\">\n\t\t\t\t\t\t<div class=\"elementor-element elementor-element-716ce59 elementor-widget elementor-widget-text-editor\" data-id=\"716ce59\" data-element_type=\"widget\" data-e-type=\"widget\" data-widget_type=\"text-editor.default\">\n\t\t\t\t<div class=\"elementor-widget-container\">\n\t\t\t\t\t\t\t\t\t<p>Riparte dal 2 al 25 settembre nelle splendide Ville Vesuviane del XVIII secolo in provincia di Napoli, il Festival delle Ville Vesuviane. Si parte la sera di venerdi, 2 settembre 2022, con la presenza del presidente della Regione Campania, Vincenzo De Luca e del presidente Fondazione Ente delle Ville Vesuviane, Gianluca Del Mastro, a villa Campolieto a Ercolano.\u00a0<strong>In programma c\u2019\u00e8 \u201cLa vita \u00e8 un sogno\u201d, per la regia di Giuseppe Dipasquale.<\/strong><br \/>Giunto alla sua trentatreesima\u00a0edizione, il programma \u00e8 promosso dalla Fondazione Ente Ville Vesuviane, presieduta da Gianluca Del Mastro, con il contributo della Regione Campania e del Ministero della Cultura. Direttore artistico: Giuseppe Dipasquale, regista e commediografo italiano e gi\u00e0 direttore artistico del Must Musco Teatro di Catania e del teatro Stabile di Catania e attualmente Direttore artistico del Barbabl\u00f9Fest, Morgantina. Anche quest\u2019anno il tema sar\u00e0 \u201cProgetto Settecento\u201d, un format ripristinato dal direttore artistico della scorsa edizione, Luca De Fusco, che ha ripreso un filo conduttore che caratterizz\u00f2 il Festival dalla met\u00e0 degli anni\u201980, per valorizzare il patrimonio architettonico delle ville del Miglio d\u2019Oro.<br \/>Quattro saranno le prime assolute nazionali che debutteranno durante la kermesse: \u201cLa vita \u00e8 un sogno\u201d di Pedro Calderon de la Barca, con Mariano Rigillo per la regia di Giuseppe Dipasquale; Raffaello Converso in \u201cL\u2019Opera da marciapiede tra Kurt Viviani e Raffaele Weill\u201d con elaborazioni ed orchestrazioni di Roberto De Simone; \u201cCos\u00ec \u00e8 (se vi pare)\u201d di Luigi Pirandello con Eros Pagni e regia di Luca De Fusco; \u201cCaro Pier Paolo\u201d di Dacia Maraini con Anna Teresa Rossini.<\/p><p>Note della direzione artistica:<\/p><p>\u201cIl tema di quest\u2019anno del Festival, che si innesta sul solco lasciato dal suo fondatore Luca De Fusco, si pu\u00f2 riassumere nel sintagma del sogno delle diversit\u00e0. Fare Teatro significa consegnare allo spettatore una visione. Una visione del mondo, una visione della vita, una visione della realt\u00e0, ovvero, in uno, una visione della Natura. Poich\u00e9 l\u2019arte del teatro, se arte \u00e8, \u00e8 disperatamente umana. Essa viaggia attraverso il corpo e la voce dell\u2019attore, che sono strumenti dell\u2019anima. L\u2019anima \u00e8 la spugna del disagio, come il pozzo della gioia e del dolore. Il nostro compito \u00e8 al servizio degli uomini. Siamo impegnati, come fossimo, per dirla con Lear, le spie di Dio, a mostrare agli altri come si pu\u00f2 gioire e impazzire di dolore in un dato momento, in una data occasione, ma anche come l\u2019inganno, frutto della coscienza applicata ad una azione perversa, pu\u00f2 generare ragione e luce per risvegliare dal sonno oscuro delle<br \/>umane mostruosit\u00e0. Degli uomini contemporanei e viventi, gli attori, sono costretti a vestire i panni di personaggi immaginati o addirittura scritti in un\u2019epoca differente. Cosa \u00e8 possibile raccontare di loro? Come un uomo del \u2018700 \u00e8 narrabile in teatro attraverso il gesto contemporaneo di un attore? E cosa imitiamo col teatro? Una realt\u00e0 siffatta in quanto modello di vita o la sua azione? Di un\u2019epoca da rappresentare ci basta ispirarci e imitare l\u2019arte figurativa del periodo in questione per avere un risultato credibile, o ricercare nel contemporaneo anche un processo eterno che si replica di secolo in secolo? L\u2019affermazione di Amleto che l\u2019arte \u00e8 lo specchio della natura ha del vero. Tuttavia credo che lo specchio non riflette, o non assume in s\u00e9 l\u2019immagine pedissequa della realt\u00e0 di fronte alla quale si pone, poich\u00e9 esso \u00e8 strumento per nulla catalogabile all\u2019interno delle cosiddette scienze esatte. Il teatro non pu\u00f2 determinare una riproduzione perfetta della realt\u00e0, anzi semmai prende le distanze dalla realt\u00e0 che vuole che sia guardata, in un certo senso difformandola. Il teatro mette in moto un processo che si pone in contraddizione con l\u2019azione reale per esaltarne l\u2019ineludibile imprendibilit\u00e0. La societ\u00e0 verso cui si rivolge oggi l\u2019azione teatrale \u00e8 una societ\u00e0 che si pu\u00f2 definire anaffettiva, e noi ne siamo parte. Per far questo oggi \u00e8 necessario assumere un paradosso come azione trasversale di fruizione teatrale: destare l\u2019attenzione sulla vita attraverso l\u2019uso strumentale del sogno, della visione. Il confine tra vita e teatro \u00e8 tanto labile come il confine tra il sogno e la realt\u00e0. Dove l\u2019una entra nell\u2019altro in un continuo travaso interpretativo. La vita entra nel sogno per riformularsi simbolicamente in immagini che servono alla vita. Ecco perch\u00e9 rischia di essere improprio considerare oggi il teatro solo come specchio della natura se non lo si intende come un edificio magico capace di costruire di sogni. In questo senso la scelta di autori e artisti<\/p><p>musicali e di danza contemporanea come Calderon de La Barca, e Pirandello, Maraini, Pasolini, Buttafuoco, De Simone, Di Sivo, Di Capua, Noone, Bigonzetti, Merola ci aiuteranno<br \/>a raccontare il senso di un contemporaneo che interroga il sogno e la visione. Poich\u00e9 nonostante tutto sembri sulla scena sogno, anzi, proprio per questa ragione, solo la coerente responsabilit\u00e0 umana nelle azioni della vita pu\u00f2 dare un significato non effimero all\u2019esistenza.\u201d<br \/>Giuseppe Dipasquale<\/p><p>\u201cAnche quest\u2019anno il Consiglio di Gestione della Fondazione Ente Ville Vesuviane ha voluto puntare sul progetto Settecento, un\u2019idea ambiziosa che porta nelle nostre Ville spettacoli di altissimo livello per un pubblico sempre pi\u00f9 ampio e variegato. Siamo felici che il Ministero della Cultura e la Regione Campania abbiano voluto sostenere questa iniziativa che va nella direzione di una visione moderna e razionale dell\u2019utilizzo dei nostri meravigliosi spazi.<br \/>Spettacoli per tutti, di alto valore culturale, nella meravigliosa cornice delle strutture settecentesche del Miglio d\u2019Oro.\u201d<br \/>Gianluca Del Mastro<br \/>Presidente Fondazione Ente Ville Vesuviane<\/p><p>\u201cUn festival di tradizione e uno dei pi\u00f9 longevi della nostra Regione: la 33esima edizione quest\u2019anno. Un Festival multidisciplinare con spettacoli di teatro, danza, musica di grande qualit\u00e0 e suggestione. \u00c8 il festival delle Ville Vesuviane- Progetto \u2018700: ispirato al secolo dell\u2019 illuminismo napoletano nel quale \u00e8 sorto il Miglio d\u2019Oro. \u00c8 un mezzo per raccontare la storia di questi luoghi, farne rivivere l\u2019essenza e sorprendere lo spettatore unendo il fascino delle performance artistiche alla struggente bellezza delle Ville Vesuviane del XVIII secolo.\u201d<br \/>Roberto Chianese<br \/>Direttore generale Fondazione Ente Ville Vesuviane<\/p>\t\t\t\t\t\t\t\t<\/div>\n\t\t\t\t<\/div>\n\t\t\t\t<div class=\"elementor-element elementor-element-3f1233c elementor-widget elementor-widget-image\" data-id=\"3f1233c\" data-element_type=\"widget\" data-e-type=\"widget\" data-widget_type=\"image.default\">\n\t\t\t\t<div class=\"elementor-widget-container\">\n\t\t\t\t\t\t\t\t\t\t\t\t\t\t\t<img fetchpriority=\"high\" decoding=\"async\" width=\"640\" height=\"455\" src=\"https:\/\/www.villevesuviane.net\/wp-content\/uploads\/2022\/09\/di-capua-e-gionta-ville-vesuviane-2022.jpg\" class=\"attachment-large size-large wp-image-7027\" alt=\"\" srcset=\"https:\/\/www.villevesuviane.net\/wp-content\/uploads\/2022\/09\/di-capua-e-gionta-ville-vesuviane-2022.jpg 936w, https:\/\/www.villevesuviane.net\/wp-content\/uploads\/2022\/09\/di-capua-e-gionta-ville-vesuviane-2022-300x213.jpg 300w, https:\/\/www.villevesuviane.net\/wp-content\/uploads\/2022\/09\/di-capua-e-gionta-ville-vesuviane-2022-768x546.jpg 768w\" sizes=\"(max-width: 640px) 100vw, 640px\" \/>\t\t\t\t\t\t\t\t\t\t\t\t\t\t\t<\/div>\n\t\t\t\t<\/div>\n\t\t\t\t<div class=\"elementor-element elementor-element-a50117e elementor-widget elementor-widget-spacer\" data-id=\"a50117e\" data-element_type=\"widget\" data-e-type=\"widget\" data-widget_type=\"spacer.default\">\n\t\t\t\t<div class=\"elementor-widget-container\">\n\t\t\t\t\t\t\t<div class=\"elementor-spacer\">\n\t\t\t<div class=\"elementor-spacer-inner\"><\/div>\n\t\t<\/div>\n\t\t\t\t\t\t<\/div>\n\t\t\t\t<\/div>\n\t\t\t\t<div class=\"elementor-element elementor-element-1cdced6 elementor-widget elementor-widget-text-editor\" data-id=\"1cdced6\" data-element_type=\"widget\" data-e-type=\"widget\" data-widget_type=\"text-editor.default\">\n\t\t\t\t<div class=\"elementor-widget-container\">\n\t\t\t\t\t\t\t\t\t<p>Scene dalla presentazione del programma di Festival delle Ville Vesuviane 2022. Da sinistra, Gabriella Di Capua, con il suo Quartet in concerto il 20 settembre; a destra Maria Cristina Gionta, protagonista con Luca Negroni di uno spettacolo teatrale su Bellezza Orsini (8 settembre), donna processata per stregoneria presso la rocca di Fiano nel 1528. Entrambi gli appuntamenti si svolgeranno presso Villa Campolieto (foto di apertura), villa vesuviana situata lungo il Miglio d\u2019oro, nel comune di Ercolano in provincia di Napoli. (<strong><em>Foto di Maurizio De Costanzo per The Way Magazine<\/em><\/strong>).<\/p><h2><strong>PROGRAMMA<\/strong><\/h2><p>venerd\u00ec 2 e sabato 3 settembre<br \/>Esedra della Villa Campolieto h.21 \u2013 teatro<br \/>La vita \u00e8 un sogno<br \/>di Pedro Calderon de la Barca,<br \/>con Mariano Rigillo, Angelo Tosto, Ruben Rigillo, Silvia Siravo<br \/>regia di Giuseppe Dipasquale<br \/>In prima per il Festival delle Ville Vesuviane<\/p><p>sabato 3 settembre,<br \/>Romitaggio della Villa Campolieto h. 19.30 \u2013 teatro<br \/>Incontro con la Compagnia de \u201cLa vita \u00e8 un sogno\u201d<br \/>Mariano Rigillo legge alcune pagine di Calderon de La Barca<\/p><p>domenica 4 e luned\u00ec 5 settembre,<br \/>Romitaggio della Villa Campolieto h. 21 \u2013 teatro<br \/>I monologhi dell\u2019Atomica<br \/>di e con Elena Arvigo<br \/>Regia Elena Arvigo<\/p><p>marted\u00ec 6 e mercoled\u00ec 7 settembre,<br \/>Esedra della Villa Campolieto h.21 \u2013 danza<br \/>Omars Peoples<br \/>In \u201cAttraversando la terra desolata\u201d a cura di Davide Rondoni<br \/>coreografia di Ornella Sberna<\/p><p>gioved\u00ec 8 settembre,<br \/>Romitaggio della Villa Campolieto h. 21 \u2013 teatro<br \/>Bellezza Orsini. La costruzione di una strega<br \/>dal testo di Michele Di Sivo<br \/>con Maria Cristina Gionta e Luca Negroni<br \/>Drammaturgia e Regia di Silvio Giordani, musiche di Emiliano Ottaviani<\/p><p>venerd\u00ec 9 e sabato 10 settembre<br \/>Esedra della Villa Campolieto h.21 \u2013 musica<br \/>Raffaello Converso in<br \/>L\u2019Opera da marciapiede tra Kurt Viviani e Raffaele Weill<br \/>Elaborazioni ed orchestrazioni di Roberto De Simone<br \/>In prima per il Festival delle Ville Vesuviane<\/p><p>sabato 17 e domenica 18 settembre<br \/>Esedra della Villa Campolieto h.21 \u2013 teatro<br \/>\u201cCos\u00ec \u00e8 (se vi pare)\u201d di Luigi Pirandello<br \/>con Eros Pagni, Anita Bartolucci, Giacinto Palmarini, Lara Sansone, Paolo Serra<br \/>Regia di Luca De Fusco<br \/>In prima per il Festival delle Ville Vesuviane<\/p><p>domenica 18 settembre,<br \/>Romitaggio della Villa Campolieto h. 19.30, teatro<br \/>Incontro con la compagnia del \u201cCos\u00ec \u00e8 (se vi pare)\u201d<br \/>Eros Pagni legge alcune pagine di Pirandello<\/p><p>marted\u00ec 20 settembre,<br \/>Romitaggio della Villa Campolieto h.21 \u2013 musica<br \/>Gabriella Di CapuaQuartet in concerto<br \/>con \u201cPlaying in the night\u201d<\/p><p>mercoled\u00ec 21 settembre,<br \/>Esedra della Villa Campolieto h. 21 \u2013 musica<br \/>\u201cLudus Neapoli\u201d<br \/>Con Marina Bruno e Alessandro De Carolis, Michele De Martino, Leonardo Massa, Peppe Copia e Emidio Ausiello. Elaborazioni musicali di Raffaele Tiseo.<br \/>Produzione Everlive Italia srl<\/p><p>gioved\u00ec 22 Settembre<br \/>Villa Delle Ginestre ore 19:30<br \/>Pietrangelo Buttafuoco in<br \/>\u201cSono cose che passano\u201d<br \/>Un romanzo in forma di album.<br \/>(Edito da La Nave di Teseo)<br \/>Ricerca fotografica Graziella<br \/>Buscemi Felici<\/p><p>venerd\u00ec 23 settembre,<br \/>Esedra della Villa Campolieto \u2013 teatro<br \/>\u201cPaolina Leopardi racconta Mozart \u2013 Una biografia in musica\u201d<br \/>Con Sonia Bergamasco e Marco Scolastra al Pianoforte<br \/>Drammaturgia di Sonia Bergamasco dal libro di Paolina Leopardi<\/p><p>sabato 24 e domenica 25 settembre,<br \/>Esedra della Villa Campolieto h.21 \u2013 danza<br \/>La MM contemporary dance company presenta<br \/>Love poems<br \/>Duetto inoffensivo, coreografie di Mauro Bigonzetti<br \/>Brutal Love poems, coreografie di Thomas Noone<br \/>Vivaldi umane passioni, coreografie di Michele Merola<\/p><p>domenica 25 settembre,<br \/>Villa delle Ginestre, Torre del Greco h. 21 \u2013 teatro<br \/>Caro Pier Paolo<br \/>di Dacia Maraini<br \/>con Anna Teresa Rossini. Regia Norma Martelli<br \/>In prima per il Festival delle Ville Vesuviane<\/p><p>Info, programma e biglietteria su www.villevesuviane.net<\/p><p><strong>Abbonamenti<\/strong><br \/>Teatro \u2013 tutti gli spettacoli : 50 euro<br \/>Danza \u2013 tutti gli spettacoli : 15 euro<br \/>Musica \u2013 tutti gli spettacoli : 25 euro<\/p><p><strong>Misti<\/strong><br \/>1 spettacolo di danza in programmazione + 2 spettacoli di teatro : 25 euro<br \/>1 spettacolo di musica + 2 spettacoli di teatro : 25 euro<\/p><p><strong>Biglietti Singoli<\/strong><br \/>Teatro: 10 euro<br \/>Danza: 10 euro<br \/>Musica: 10 euro<\/p><p><strong>Incontri con le Compagnie e presentazione libro: Ingresso gratuito<\/strong><\/p>\t\t\t\t\t\t\t\t<\/div>\n\t\t\t\t<\/div>\n\t\t\t\t\t<\/div>\n\t\t<\/div>\n\t\t\t\t\t<\/div>\n\t\t<\/section>\n\t\t\t\t<section class=\"elementor-section elementor-top-section elementor-element elementor-element-9f5c489 elementor-section-boxed elementor-section-height-default elementor-section-height-default\" data-id=\"9f5c489\" data-element_type=\"section\" data-e-type=\"section\">\n\t\t\t\t\t\t<div class=\"elementor-container elementor-column-gap-default\">\n\t\t\t\t\t<div class=\"elementor-column elementor-col-50 elementor-top-column elementor-element elementor-element-1df899b\" data-id=\"1df899b\" data-element_type=\"column\" data-e-type=\"column\">\n\t\t\t<div class=\"elementor-widget-wrap elementor-element-populated\">\n\t\t\t\t\t\t<div class=\"elementor-element elementor-element-775c50b elementor-widget elementor-widget-image\" data-id=\"775c50b\" data-element_type=\"widget\" data-e-type=\"widget\" data-widget_type=\"image.default\">\n\t\t\t\t<div class=\"elementor-widget-container\">\n\t\t\t\t\t\t\t\t\t\t\t\t\t\t\t<img decoding=\"async\" width=\"640\" height=\"408\" src=\"https:\/\/www.villevesuviane.net\/wp-content\/uploads\/2022\/09\/arvigo-di-pasquale-ville-vesuviane.jpg\" class=\"attachment-large size-large wp-image-7029\" alt=\"\" srcset=\"https:\/\/www.villevesuviane.net\/wp-content\/uploads\/2022\/09\/arvigo-di-pasquale-ville-vesuviane.jpg 961w, https:\/\/www.villevesuviane.net\/wp-content\/uploads\/2022\/09\/arvigo-di-pasquale-ville-vesuviane-300x191.jpg 300w, https:\/\/www.villevesuviane.net\/wp-content\/uploads\/2022\/09\/arvigo-di-pasquale-ville-vesuviane-768x490.jpg 768w\" sizes=\"(max-width: 640px) 100vw, 640px\" \/>\t\t\t\t\t\t\t\t\t\t\t\t\t\t\t<\/div>\n\t\t\t\t<\/div>\n\t\t\t\t\t<\/div>\n\t\t<\/div>\n\t\t\t\t<div class=\"elementor-column elementor-col-50 elementor-top-column elementor-element elementor-element-0489e3a\" data-id=\"0489e3a\" data-element_type=\"column\" data-e-type=\"column\">\n\t\t\t<div class=\"elementor-widget-wrap elementor-element-populated\">\n\t\t\t\t\t\t<div class=\"elementor-element elementor-element-585018f elementor-widget elementor-widget-text-editor\" data-id=\"585018f\" data-element_type=\"widget\" data-e-type=\"widget\" data-widget_type=\"text-editor.default\">\n\t\t\t\t<div class=\"elementor-widget-container\">\n\t\t\t\t\t\t\t\t\t<p>Da sinistra, la regista Elena Arvigo, il direttore artistico Giuseppe Dipasquale, regista e commediografo, Gianluca Del Mastro, che oltre a presiedere l\u2019ente promotore del festival, \u00e8 docente di Papirologia e Filologia al Dipartimento di Lettere e Beni Culturali della Universit\u00e0 Luigi Vanvitelli, il sindaco del Comune di Ercolano, Comune di Ercolano, Ciro Bonajuto, il direttore generale Fondazione Ville Vesuviane Roberto Chianese. (<strong>Foto di Maurizio De Costanzo per The Way Magazine<\/strong>).<\/p><p><br \/><strong>Nei giorni 4, 5, 8 e 22 settembre, in abbinamento al biglietto dello spettacolo delle ore 18,00, \u00e8 prevista visita guidata ai complessi monumentali<\/strong><\/p><p>Fonte <a href=\"https:\/\/www.thewaymagazine.it\/leisure\/festival-delle-ville-vesuviane-a-settembre-il-progetto-700\/\" target=\"_blank\" rel=\"noopener\"><strong>thewaymagazine.it<\/strong><\/a><\/p>\t\t\t\t\t\t\t\t<\/div>\n\t\t\t\t<\/div>\n\t\t\t\t\t<\/div>\n\t\t<\/div>\n\t\t\t\t\t<\/div>\n\t\t<\/section>\n\t\t\t\t<\/div>\n\t\t","protected":false},"excerpt":{"rendered":"<p>Riparte dal 2 al 25 settembre nelle splendide Ville Vesuviane del XVIII secolo in provincia di Napoli, il Festival delle Ville Vesuviane. Si parte la sera di venerdi, 2 settembre [&hellip;]<\/p>\n","protected":false},"author":1,"featured_media":7024,"comment_status":"open","ping_status":"open","sticky":false,"template":"","format":"standard","meta":{"_acf_changed":false,"footnotes":""},"categories":[82,34],"tags":[83,92,93],"class_list":["post-8552","post","type-post","status-publish","format-standard","has-post-thumbnail","hentry","category-festival-delle-ville-vesuviane-2022-en","category-rassegna-stampa-en","tag-festival-delle-ville-vesuviane-2022-en","tag-the-way-magazine-en","tag-thewaymagazine-it-en"],"acf":[],"yoast_head":"<!-- This site is optimized with the Yoast SEO plugin v27.5 - https:\/\/yoast.com\/product\/yoast-seo-wordpress\/ -->\n<title>Festival delle Ville Vesuviane: a settembre il Progetto 700 - Ville Vesuviane<\/title>\n<meta name=\"robots\" content=\"index, follow, max-snippet:-1, max-image-preview:large, max-video-preview:-1\" \/>\n<link rel=\"canonical\" href=\"https:\/\/www.villevesuviane.net\/en\/rassegna-stampa\/festival-delle-ville-vesuviane-a-settembre-il-progetto-700\/\" \/>\n<meta property=\"og:locale\" content=\"en_US\" \/>\n<meta property=\"og:type\" content=\"article\" \/>\n<meta property=\"og:title\" content=\"Festival delle Ville Vesuviane: a settembre il Progetto 700 - Ville Vesuviane\" \/>\n<meta property=\"og:description\" content=\"Riparte dal 2 al 25 settembre nelle splendide Ville Vesuviane del XVIII secolo in provincia di Napoli, il Festival delle Ville Vesuviane. Si parte la sera di venerdi, 2 settembre [&hellip;]\" \/>\n<meta property=\"og:url\" content=\"https:\/\/www.villevesuviane.net\/rassegna-stampa\/festival-delle-ville-vesuviane-a-settembre-il-progetto-700\/\" \/>\n<meta property=\"og:site_name\" content=\"Ville Vesuviane\" \/>\n<meta property=\"article:publisher\" content=\"https:\/\/www.facebook.com\/villevesuviane.net\/\" \/>\n<meta property=\"article:published_time\" content=\"2022-09-01T09:26:07+00:00\" \/>\n<meta property=\"article:modified_time\" content=\"2022-09-15T11:26:21+00:00\" \/>\n<meta property=\"og:image\" content=\"https:\/\/www.villevesuviane.net\/wp-content\/uploads\/2022\/09\/festival-ville-vesuviane-the-way-magazine-2022.jpg\" \/>\n\t<meta property=\"og:image:width\" content=\"869\" \/>\n\t<meta property=\"og:image:height\" content=\"326\" \/>\n\t<meta property=\"og:image:type\" content=\"image\/jpeg\" \/>\n<meta name=\"author\" content=\"villevesuviane\" \/>\n<meta name=\"twitter:card\" content=\"summary_large_image\" \/>\n<meta name=\"twitter:label1\" content=\"Written by\" \/>\n\t<meta name=\"twitter:data1\" content=\"villevesuviane\" \/>\n\t<meta name=\"twitter:label2\" content=\"Est. reading time\" \/>\n\t<meta name=\"twitter:data2\" content=\"8 minutes\" \/>\n<script type=\"application\/ld+json\" class=\"yoast-schema-graph\">{\"@context\":\"https:\\\/\\\/schema.org\",\"@graph\":[{\"@type\":\"Article\",\"@id\":\"https:\\\/\\\/www.villevesuviane.net\\\/rassegna-stampa\\\/festival-delle-ville-vesuviane-a-settembre-il-progetto-700\\\/#article\",\"isPartOf\":{\"@id\":\"https:\\\/\\\/www.villevesuviane.net\\\/rassegna-stampa\\\/festival-delle-ville-vesuviane-a-settembre-il-progetto-700\\\/\"},\"author\":{\"name\":\"villevesuviane\",\"@id\":\"https:\\\/\\\/www.villevesuviane.net\\\/#\\\/schema\\\/person\\\/969865feaea8cec02dbee3b42c8d68a6\"},\"headline\":\"Festival delle Ville Vesuviane: a settembre il Progetto 700\",\"datePublished\":\"2022-09-01T09:26:07+00:00\",\"dateModified\":\"2022-09-15T11:26:21+00:00\",\"mainEntityOfPage\":{\"@id\":\"https:\\\/\\\/www.villevesuviane.net\\\/rassegna-stampa\\\/festival-delle-ville-vesuviane-a-settembre-il-progetto-700\\\/\"},\"wordCount\":1676,\"commentCount\":0,\"image\":{\"@id\":\"https:\\\/\\\/www.villevesuviane.net\\\/rassegna-stampa\\\/festival-delle-ville-vesuviane-a-settembre-il-progetto-700\\\/#primaryimage\"},\"thumbnailUrl\":\"https:\\\/\\\/www.villevesuviane.net\\\/wp-content\\\/uploads\\\/2022\\\/09\\\/festival-ville-vesuviane-the-way-magazine-2022.jpg\",\"keywords\":[\"Festival delle Ville Vesuviane 2022\",\"The Way Magazine\",\"thewaymagazine.it\"],\"articleSection\":[\"Festival delle Ville Vesuviane 2022\",\"Rassegna Stampa\"],\"inLanguage\":\"en-US\",\"potentialAction\":[{\"@type\":\"CommentAction\",\"name\":\"Comment\",\"target\":[\"https:\\\/\\\/www.villevesuviane.net\\\/rassegna-stampa\\\/festival-delle-ville-vesuviane-a-settembre-il-progetto-700\\\/#respond\"]}]},{\"@type\":\"WebPage\",\"@id\":\"https:\\\/\\\/www.villevesuviane.net\\\/rassegna-stampa\\\/festival-delle-ville-vesuviane-a-settembre-il-progetto-700\\\/\",\"url\":\"https:\\\/\\\/www.villevesuviane.net\\\/rassegna-stampa\\\/festival-delle-ville-vesuviane-a-settembre-il-progetto-700\\\/\",\"name\":\"Festival delle Ville Vesuviane: a settembre il Progetto 700 - Ville Vesuviane\",\"isPartOf\":{\"@id\":\"https:\\\/\\\/www.villevesuviane.net\\\/#website\"},\"primaryImageOfPage\":{\"@id\":\"https:\\\/\\\/www.villevesuviane.net\\\/rassegna-stampa\\\/festival-delle-ville-vesuviane-a-settembre-il-progetto-700\\\/#primaryimage\"},\"image\":{\"@id\":\"https:\\\/\\\/www.villevesuviane.net\\\/rassegna-stampa\\\/festival-delle-ville-vesuviane-a-settembre-il-progetto-700\\\/#primaryimage\"},\"thumbnailUrl\":\"https:\\\/\\\/www.villevesuviane.net\\\/wp-content\\\/uploads\\\/2022\\\/09\\\/festival-ville-vesuviane-the-way-magazine-2022.jpg\",\"datePublished\":\"2022-09-01T09:26:07+00:00\",\"dateModified\":\"2022-09-15T11:26:21+00:00\",\"author\":{\"@id\":\"https:\\\/\\\/www.villevesuviane.net\\\/#\\\/schema\\\/person\\\/969865feaea8cec02dbee3b42c8d68a6\"},\"breadcrumb\":{\"@id\":\"https:\\\/\\\/www.villevesuviane.net\\\/rassegna-stampa\\\/festival-delle-ville-vesuviane-a-settembre-il-progetto-700\\\/#breadcrumb\"},\"inLanguage\":\"en-US\",\"potentialAction\":[{\"@type\":\"ReadAction\",\"target\":[\"https:\\\/\\\/www.villevesuviane.net\\\/rassegna-stampa\\\/festival-delle-ville-vesuviane-a-settembre-il-progetto-700\\\/\"]}]},{\"@type\":\"ImageObject\",\"inLanguage\":\"en-US\",\"@id\":\"https:\\\/\\\/www.villevesuviane.net\\\/rassegna-stampa\\\/festival-delle-ville-vesuviane-a-settembre-il-progetto-700\\\/#primaryimage\",\"url\":\"https:\\\/\\\/www.villevesuviane.net\\\/wp-content\\\/uploads\\\/2022\\\/09\\\/festival-ville-vesuviane-the-way-magazine-2022.jpg\",\"contentUrl\":\"https:\\\/\\\/www.villevesuviane.net\\\/wp-content\\\/uploads\\\/2022\\\/09\\\/festival-ville-vesuviane-the-way-magazine-2022.jpg\",\"width\":869,\"height\":326},{\"@type\":\"BreadcrumbList\",\"@id\":\"https:\\\/\\\/www.villevesuviane.net\\\/rassegna-stampa\\\/festival-delle-ville-vesuviane-a-settembre-il-progetto-700\\\/#breadcrumb\",\"itemListElement\":[{\"@type\":\"ListItem\",\"position\":1,\"name\":\"Home\",\"item\":\"https:\\\/\\\/www.villevesuviane.net\\\/\"},{\"@type\":\"ListItem\",\"position\":2,\"name\":\"Festival delle Ville Vesuviane: a settembre il Progetto 700\"}]},{\"@type\":\"WebSite\",\"@id\":\"https:\\\/\\\/www.villevesuviane.net\\\/#website\",\"url\":\"https:\\\/\\\/www.villevesuviane.net\\\/\",\"name\":\"Ville Vesuviane\",\"description\":\"Fondazione Ente Ville Vesuviane\",\"potentialAction\":[{\"@type\":\"SearchAction\",\"target\":{\"@type\":\"EntryPoint\",\"urlTemplate\":\"https:\\\/\\\/www.villevesuviane.net\\\/?s={search_term_string}\"},\"query-input\":{\"@type\":\"PropertyValueSpecification\",\"valueRequired\":true,\"valueName\":\"search_term_string\"}}],\"inLanguage\":\"en-US\"},{\"@type\":\"Person\",\"@id\":\"https:\\\/\\\/www.villevesuviane.net\\\/#\\\/schema\\\/person\\\/969865feaea8cec02dbee3b42c8d68a6\",\"name\":\"villevesuviane\",\"image\":{\"@type\":\"ImageObject\",\"inLanguage\":\"en-US\",\"@id\":\"https:\\\/\\\/secure.gravatar.com\\\/avatar\\\/dfcdcbeed7ee2f96d0e1c16496db15ac3d24ceb6727b1563056aba66f64e5dbc?s=96&d=mm&r=g\",\"url\":\"https:\\\/\\\/secure.gravatar.com\\\/avatar\\\/dfcdcbeed7ee2f96d0e1c16496db15ac3d24ceb6727b1563056aba66f64e5dbc?s=96&d=mm&r=g\",\"contentUrl\":\"https:\\\/\\\/secure.gravatar.com\\\/avatar\\\/dfcdcbeed7ee2f96d0e1c16496db15ac3d24ceb6727b1563056aba66f64e5dbc?s=96&d=mm&r=g\",\"caption\":\"villevesuviane\"},\"sameAs\":[\"http:\\\/\\\/www.villevesuviane.net\"]}]}<\/script>\n<!-- \/ Yoast SEO plugin. -->","yoast_head_json":{"title":"Festival delle Ville Vesuviane: a settembre il Progetto 700 - Ville Vesuviane","robots":{"index":"index","follow":"follow","max-snippet":"max-snippet:-1","max-image-preview":"max-image-preview:large","max-video-preview":"max-video-preview:-1"},"canonical":"https:\/\/www.villevesuviane.net\/en\/rassegna-stampa\/festival-delle-ville-vesuviane-a-settembre-il-progetto-700\/","og_locale":"en_US","og_type":"article","og_title":"Festival delle Ville Vesuviane: a settembre il Progetto 700 - Ville Vesuviane","og_description":"Riparte dal 2 al 25 settembre nelle splendide Ville Vesuviane del XVIII secolo in provincia di Napoli, il Festival delle Ville Vesuviane. Si parte la sera di venerdi, 2 settembre [&hellip;]","og_url":"https:\/\/www.villevesuviane.net\/rassegna-stampa\/festival-delle-ville-vesuviane-a-settembre-il-progetto-700\/","og_site_name":"Ville Vesuviane","article_publisher":"https:\/\/www.facebook.com\/villevesuviane.net\/","article_published_time":"2022-09-01T09:26:07+00:00","article_modified_time":"2022-09-15T11:26:21+00:00","og_image":[{"width":869,"height":326,"url":"https:\/\/www.villevesuviane.net\/wp-content\/uploads\/2022\/09\/festival-ville-vesuviane-the-way-magazine-2022.jpg","type":"image\/jpeg"}],"author":"villevesuviane","twitter_card":"summary_large_image","twitter_misc":{"Written by":"villevesuviane","Est. reading time":"8 minutes"},"schema":{"@context":"https:\/\/schema.org","@graph":[{"@type":"Article","@id":"https:\/\/www.villevesuviane.net\/rassegna-stampa\/festival-delle-ville-vesuviane-a-settembre-il-progetto-700\/#article","isPartOf":{"@id":"https:\/\/www.villevesuviane.net\/rassegna-stampa\/festival-delle-ville-vesuviane-a-settembre-il-progetto-700\/"},"author":{"name":"villevesuviane","@id":"https:\/\/www.villevesuviane.net\/#\/schema\/person\/969865feaea8cec02dbee3b42c8d68a6"},"headline":"Festival delle Ville Vesuviane: a settembre il Progetto 700","datePublished":"2022-09-01T09:26:07+00:00","dateModified":"2022-09-15T11:26:21+00:00","mainEntityOfPage":{"@id":"https:\/\/www.villevesuviane.net\/rassegna-stampa\/festival-delle-ville-vesuviane-a-settembre-il-progetto-700\/"},"wordCount":1676,"commentCount":0,"image":{"@id":"https:\/\/www.villevesuviane.net\/rassegna-stampa\/festival-delle-ville-vesuviane-a-settembre-il-progetto-700\/#primaryimage"},"thumbnailUrl":"https:\/\/www.villevesuviane.net\/wp-content\/uploads\/2022\/09\/festival-ville-vesuviane-the-way-magazine-2022.jpg","keywords":["Festival delle Ville Vesuviane 2022","The Way Magazine","thewaymagazine.it"],"articleSection":["Festival delle Ville Vesuviane 2022","Rassegna Stampa"],"inLanguage":"en-US","potentialAction":[{"@type":"CommentAction","name":"Comment","target":["https:\/\/www.villevesuviane.net\/rassegna-stampa\/festival-delle-ville-vesuviane-a-settembre-il-progetto-700\/#respond"]}]},{"@type":"WebPage","@id":"https:\/\/www.villevesuviane.net\/rassegna-stampa\/festival-delle-ville-vesuviane-a-settembre-il-progetto-700\/","url":"https:\/\/www.villevesuviane.net\/rassegna-stampa\/festival-delle-ville-vesuviane-a-settembre-il-progetto-700\/","name":"Festival delle Ville Vesuviane: a settembre il Progetto 700 - Ville Vesuviane","isPartOf":{"@id":"https:\/\/www.villevesuviane.net\/#website"},"primaryImageOfPage":{"@id":"https:\/\/www.villevesuviane.net\/rassegna-stampa\/festival-delle-ville-vesuviane-a-settembre-il-progetto-700\/#primaryimage"},"image":{"@id":"https:\/\/www.villevesuviane.net\/rassegna-stampa\/festival-delle-ville-vesuviane-a-settembre-il-progetto-700\/#primaryimage"},"thumbnailUrl":"https:\/\/www.villevesuviane.net\/wp-content\/uploads\/2022\/09\/festival-ville-vesuviane-the-way-magazine-2022.jpg","datePublished":"2022-09-01T09:26:07+00:00","dateModified":"2022-09-15T11:26:21+00:00","author":{"@id":"https:\/\/www.villevesuviane.net\/#\/schema\/person\/969865feaea8cec02dbee3b42c8d68a6"},"breadcrumb":{"@id":"https:\/\/www.villevesuviane.net\/rassegna-stampa\/festival-delle-ville-vesuviane-a-settembre-il-progetto-700\/#breadcrumb"},"inLanguage":"en-US","potentialAction":[{"@type":"ReadAction","target":["https:\/\/www.villevesuviane.net\/rassegna-stampa\/festival-delle-ville-vesuviane-a-settembre-il-progetto-700\/"]}]},{"@type":"ImageObject","inLanguage":"en-US","@id":"https:\/\/www.villevesuviane.net\/rassegna-stampa\/festival-delle-ville-vesuviane-a-settembre-il-progetto-700\/#primaryimage","url":"https:\/\/www.villevesuviane.net\/wp-content\/uploads\/2022\/09\/festival-ville-vesuviane-the-way-magazine-2022.jpg","contentUrl":"https:\/\/www.villevesuviane.net\/wp-content\/uploads\/2022\/09\/festival-ville-vesuviane-the-way-magazine-2022.jpg","width":869,"height":326},{"@type":"BreadcrumbList","@id":"https:\/\/www.villevesuviane.net\/rassegna-stampa\/festival-delle-ville-vesuviane-a-settembre-il-progetto-700\/#breadcrumb","itemListElement":[{"@type":"ListItem","position":1,"name":"Home","item":"https:\/\/www.villevesuviane.net\/"},{"@type":"ListItem","position":2,"name":"Festival delle Ville Vesuviane: a settembre il Progetto 700"}]},{"@type":"WebSite","@id":"https:\/\/www.villevesuviane.net\/#website","url":"https:\/\/www.villevesuviane.net\/","name":"Ville Vesuviane","description":"Fondazione Ente Ville Vesuviane","potentialAction":[{"@type":"SearchAction","target":{"@type":"EntryPoint","urlTemplate":"https:\/\/www.villevesuviane.net\/?s={search_term_string}"},"query-input":{"@type":"PropertyValueSpecification","valueRequired":true,"valueName":"search_term_string"}}],"inLanguage":"en-US"},{"@type":"Person","@id":"https:\/\/www.villevesuviane.net\/#\/schema\/person\/969865feaea8cec02dbee3b42c8d68a6","name":"villevesuviane","image":{"@type":"ImageObject","inLanguage":"en-US","@id":"https:\/\/secure.gravatar.com\/avatar\/dfcdcbeed7ee2f96d0e1c16496db15ac3d24ceb6727b1563056aba66f64e5dbc?s=96&d=mm&r=g","url":"https:\/\/secure.gravatar.com\/avatar\/dfcdcbeed7ee2f96d0e1c16496db15ac3d24ceb6727b1563056aba66f64e5dbc?s=96&d=mm&r=g","contentUrl":"https:\/\/secure.gravatar.com\/avatar\/dfcdcbeed7ee2f96d0e1c16496db15ac3d24ceb6727b1563056aba66f64e5dbc?s=96&d=mm&r=g","caption":"villevesuviane"},"sameAs":["http:\/\/www.villevesuviane.net"]}]}},"_links":{"self":[{"href":"https:\/\/www.villevesuviane.net\/en\/wp-json\/wp\/v2\/posts\/8552","targetHints":{"allow":["GET"]}}],"collection":[{"href":"https:\/\/www.villevesuviane.net\/en\/wp-json\/wp\/v2\/posts"}],"about":[{"href":"https:\/\/www.villevesuviane.net\/en\/wp-json\/wp\/v2\/types\/post"}],"author":[{"embeddable":true,"href":"https:\/\/www.villevesuviane.net\/en\/wp-json\/wp\/v2\/users\/1"}],"replies":[{"embeddable":true,"href":"https:\/\/www.villevesuviane.net\/en\/wp-json\/wp\/v2\/comments?post=8552"}],"version-history":[{"count":1,"href":"https:\/\/www.villevesuviane.net\/en\/wp-json\/wp\/v2\/posts\/8552\/revisions"}],"predecessor-version":[{"id":8553,"href":"https:\/\/www.villevesuviane.net\/en\/wp-json\/wp\/v2\/posts\/8552\/revisions\/8553"}],"wp:featuredmedia":[{"embeddable":true,"href":"https:\/\/www.villevesuviane.net\/en\/wp-json\/wp\/v2\/media\/7024"}],"wp:attachment":[{"href":"https:\/\/www.villevesuviane.net\/en\/wp-json\/wp\/v2\/media?parent=8552"}],"wp:term":[{"taxonomy":"category","embeddable":true,"href":"https:\/\/www.villevesuviane.net\/en\/wp-json\/wp\/v2\/categories?post=8552"},{"taxonomy":"post_tag","embeddable":true,"href":"https:\/\/www.villevesuviane.net\/en\/wp-json\/wp\/v2\/tags?post=8552"}],"curies":[{"name":"wp","href":"https:\/\/api.w.org\/{rel}","templated":true}]}}