{"id":8651,"date":"2021-12-06T09:26:43","date_gmt":"2021-12-06T08:26:43","guid":{"rendered":"https:\/\/www.villevesuviane.net\/uncategorized\/premio-la-ginestra-assegnato-a-sergio-givone\/"},"modified":"2022-09-15T13:33:39","modified_gmt":"2022-09-15T11:33:39","slug":"premio-la-ginestra-assegnato-a-sergio-givone","status":"publish","type":"post","link":"https:\/\/www.villevesuviane.net\/en\/premio-la-ginestra-2021-en\/premio-la-ginestra-assegnato-a-sergio-givone\/","title":{"rendered":"Premio la Ginestra assegnato a Sergio Givone"},"content":{"rendered":"\t\t<div data-elementor-type=\"wp-post\" data-elementor-id=\"8651\" class=\"elementor elementor-8651 elementor-4717\" data-elementor-post-type=\"post\">\n\t\t\t\t\t\t<section class=\"elementor-section elementor-top-section elementor-element elementor-element-75d6233 elementor-section-boxed elementor-section-height-default elementor-section-height-default\" data-id=\"75d6233\" data-element_type=\"section\" data-e-type=\"section\">\n\t\t\t\t\t\t<div class=\"elementor-container elementor-column-gap-default\">\n\t\t\t\t\t<div class=\"elementor-column elementor-col-100 elementor-top-column elementor-element elementor-element-6f754aa\" data-id=\"6f754aa\" data-element_type=\"column\" data-e-type=\"column\">\n\t\t\t<div class=\"elementor-widget-wrap elementor-element-populated\">\n\t\t\t\t\t\t<div class=\"elementor-element elementor-element-cf83a3a elementor-widget elementor-widget-text-editor\" data-id=\"cf83a3a\" data-element_type=\"widget\" data-e-type=\"widget\" data-widget_type=\"text-editor.default\">\n\t\t\t\t<div class=\"elementor-widget-container\">\n\t\t\t\t\t\t\t\t\t<p>Nelle incantevoli stanze di Villa Campolieto, domenica 5 dicembre, si \u00e8 tenuta la quattordicesima edizione del Premio \u2018La Ginestra\u2019, quest\u2019anno assegnato a Sergio Givone, professore emerito di Estetica all\u2019Universit\u00e0 di Firenze.<\/p><p>Il Premio Internazionale Leopardiano, voluto dal Rotary Club Torre del Greco e Comuni vesuviani, \u00e8 stato organizzato in collaborazione con la Fondazione Ente Ville Vesuviane, l\u2019Universit\u00e0 degli Studi di Napoli Federico II, con il contributo della Banca di Credito Popolare e le sponsorizzazioni tecniche della ditta Ascione \u2013 Torre del Greco 1855 e RDR Spa.<\/p><p>Sergio Givone, classe 1944, \u00e8 un filosofo e accademico italiano, laureato a Torino, insegnando a Perugia, Torino e Firenze. Citt\u00e0 dove attualmente \u00e8 ordinario di Estetica alla Facolt\u00e0 di Lettere e Filosofia. I suoi studi costituiscono un momento essenziale della riflessione intorno al nichilismo e al carattere tragico del pensiero moderno. I saggi di Givone sono le tappe di un processo conoscitivo unitario, che va da Dostoevskij e la filosofia del 1986 a Disincanto del mondo e pensiero tragico del 1988 fino a Luce d\u2019addio. Dialoghi dell\u2019amore ferito del 2016. Tra questi estremi cronologici, intrecciati con la scrittura di tre romanzi, si collocano La storia del nulla del 1995, Il bibliotecario di Leibniz. Filosofia e romanzo del 2005 e la Metafisica della peste del 2012.<\/p><p>Questa la motivazione dell\u2019assegnazione del Premio La Ginestra 2021 al professor Givone:<\/p><p>\u00abNei testi di filosofi e di romanzieri, Givone mette in gioco i temi essenziali della sua indagine. Analizza il significato di un concetto capitale come il nulla o riflette intorno all\u2019esperienza della peste, elevata a figura della condizione umana.<\/p><p>Lungo questa strada, che \u00e8 nello stesso tempo ermeneutica ed estetica, l\u2019incontro con le opere di Leopardi \u00e8 fatale. Il pensiero tragico trova nelle sue riflessioni e nei suoi versi un punto di vista imprescindibile, che congiunge fatalit\u00e0 della morte e desiderio della vita. Per Givone Leopardi trasforma il dolore in consapevolezza. Attribuita \u201cla colpa\u201d \u201ca quella che veramente \u00e8 rea\u201d, l\u2019uomo pu\u00f2 stringere un patto con i suoi simili. La compassione e l\u2019amore consentono di trovare un senso nel non senso dell\u2019esistenza. La natura \u00e8 tenebra, ma il cuore di tenebra della natura sprigiona luce \u2013 scrive Givone. Quella luce che gli uomini non hanno saputo accogliere, come intona l\u2019esergo giovanneo apposto da Leopardi a La ginestra: \u201cE gli uomini vollero piuttosto le tenebre che la luce\u201d.<\/p><p>Nei testi di Leopardi Givone ritrova la ricchezza del pensiero tragico, che intreccia la coscienza del nulla e il destino della caducit\u00e0 con la potenza della poesia. La poesia \u201cporta il nulla dentro di s\u00e9\u201d ed \u00e8, nello stesso tempo, la consolazione da cui \u201cl\u2019anima riceve la vita\u201d.<\/p><p>Il premio \u201cLa Ginestra\u201d assegnato a Sergio Givone vuole testimoniare il vigore speculativo delle sue ricerche e la fecondit\u00e0 della prospettiva, \u201ccelestiale e infera\u201d, con cui egli interpreta l\u2019avventura umana e poetica di Giacomo Leopardi.<\/p><p>Nel corso degli anni, il Premio La Ginestra \u00e8 stato assegnato a studiosi come Aldo Masullo, Gilberto Lonardi, Luigi Blasucci, Antonio Prete, Lucio Felici, al filosofo Massimo Cacciari e al regista Mario Martone. Nel corso dell\u2019ultima edizione \u2013 tenutasi nel 2019 \u2013 il Premio internazionale leopardiano \u00e8 stato assegnato al cantautore Roberto Vecchioni, che proprio in quell\u2019anno celebr\u00f2 il duecentesimo anniversario de \u201cL\u2019Infinito\u201d del Leopardi pubblicando un disco dal titolo omonimo\u00bb.<\/p><p>Durante la manifestazione, momenti di lettura a cura dell\u2019attore e regista Massimiliano Fo\u00e0 e da live-set musicali a cura dell\u2019ensemble MisSara &amp; Fedele composta dalla cantante Sara Musella e dai chitarristi Fabrizio Fedele e Lello Natale.<\/p><p><em>Fonte <a href=\"https:\/\/www.torrechannel.it\/premio-la-ginestra-assegnato-a-sergio-givone\/\">torrechannel.it<\/a><\/em><\/p><p>\u00a0<\/p>\t\t\t\t\t\t\t\t<\/div>\n\t\t\t\t<\/div>\n\t\t\t\t\t<\/div>\n\t\t<\/div>\n\t\t\t\t\t<\/div>\n\t\t<\/section>\n\t\t\t\t<\/div>\n\t\t","protected":false},"excerpt":{"rendered":"<p>Nelle incantevoli stanze di Villa Campolieto, domenica 5 dicembre, si \u00e8 tenuta la quattordicesima edizione del Premio \u2018La Ginestra\u2019, quest\u2019anno assegnato a Sergio Givone, professore emerito di Estetica all\u2019Universit\u00e0 di [&hellip;]<\/p>\n","protected":false},"author":1,"featured_media":4702,"comment_status":"open","ping_status":"open","sticky":false,"template":"","format":"standard","meta":{"_acf_changed":false,"footnotes":""},"categories":[122],"tags":[],"class_list":["post-8651","post","type-post","status-publish","format-standard","has-post-thumbnail","hentry","category-premio-la-ginestra-2021-en"],"acf":[],"yoast_head":"<!-- This site is optimized with the Yoast SEO plugin v27.4 - https:\/\/yoast.com\/product\/yoast-seo-wordpress\/ -->\n<title>Premio la Ginestra assegnato a Sergio Givone - Ville Vesuviane<\/title>\n<meta name=\"robots\" content=\"index, follow, max-snippet:-1, max-image-preview:large, max-video-preview:-1\" \/>\n<link rel=\"canonical\" href=\"https:\/\/www.villevesuviane.net\/en\/rassegna-stampa\/premio-la-ginestra-2021\/premio-la-ginestra-assegnato-a-sergio-givone\/\" \/>\n<meta property=\"og:locale\" content=\"en_US\" \/>\n<meta property=\"og:type\" content=\"article\" \/>\n<meta property=\"og:title\" content=\"Premio la Ginestra assegnato a Sergio Givone - Ville Vesuviane\" \/>\n<meta property=\"og:description\" content=\"Nelle incantevoli stanze di Villa Campolieto, domenica 5 dicembre, si \u00e8 tenuta la quattordicesima edizione del Premio \u2018La Ginestra\u2019, quest\u2019anno assegnato a Sergio Givone, professore emerito di Estetica all\u2019Universit\u00e0 di [&hellip;]\" \/>\n<meta property=\"og:url\" content=\"https:\/\/www.villevesuviane.net\/rassegna-stampa\/premio-la-ginestra-2021\/premio-la-ginestra-assegnato-a-sergio-givone\/\" \/>\n<meta property=\"og:site_name\" content=\"Ville Vesuviane\" \/>\n<meta property=\"article:publisher\" content=\"https:\/\/www.facebook.com\/villevesuviane.net\/\" \/>\n<meta property=\"article:published_time\" content=\"2021-12-06T08:26:43+00:00\" \/>\n<meta property=\"article:modified_time\" content=\"2022-09-15T11:33:39+00:00\" \/>\n<meta property=\"og:image\" content=\"https:\/\/www.villevesuviane.net\/wp-content\/uploads\/2022\/01\/Premio-la-Ginestra-assegnato-a-Sergio-Givone.jpg\" \/>\n\t<meta property=\"og:image:width\" content=\"1000\" \/>\n\t<meta property=\"og:image:height\" content=\"600\" \/>\n\t<meta property=\"og:image:type\" content=\"image\/jpeg\" \/>\n<meta name=\"author\" content=\"villevesuviane\" \/>\n<meta name=\"twitter:card\" content=\"summary_large_image\" \/>\n<meta name=\"twitter:label1\" content=\"Written by\" \/>\n\t<meta name=\"twitter:data1\" content=\"villevesuviane\" \/>\n\t<meta name=\"twitter:label2\" content=\"Est. reading time\" \/>\n\t<meta name=\"twitter:data2\" content=\"3 minutes\" \/>\n<script type=\"application\/ld+json\" class=\"yoast-schema-graph\">{\"@context\":\"https:\\\/\\\/schema.org\",\"@graph\":[{\"@type\":\"Article\",\"@id\":\"https:\\\/\\\/www.villevesuviane.net\\\/rassegna-stampa\\\/premio-la-ginestra-2021\\\/premio-la-ginestra-assegnato-a-sergio-givone\\\/#article\",\"isPartOf\":{\"@id\":\"https:\\\/\\\/www.villevesuviane.net\\\/rassegna-stampa\\\/premio-la-ginestra-2021\\\/premio-la-ginestra-assegnato-a-sergio-givone\\\/\"},\"author\":{\"name\":\"villevesuviane\",\"@id\":\"https:\\\/\\\/www.villevesuviane.net\\\/#\\\/schema\\\/person\\\/969865feaea8cec02dbee3b42c8d68a6\"},\"headline\":\"Premio la Ginestra assegnato a Sergio Givone\",\"datePublished\":\"2021-12-06T08:26:43+00:00\",\"dateModified\":\"2022-09-15T11:33:39+00:00\",\"mainEntityOfPage\":{\"@id\":\"https:\\\/\\\/www.villevesuviane.net\\\/rassegna-stampa\\\/premio-la-ginestra-2021\\\/premio-la-ginestra-assegnato-a-sergio-givone\\\/\"},\"wordCount\":583,\"commentCount\":0,\"image\":{\"@id\":\"https:\\\/\\\/www.villevesuviane.net\\\/rassegna-stampa\\\/premio-la-ginestra-2021\\\/premio-la-ginestra-assegnato-a-sergio-givone\\\/#primaryimage\"},\"thumbnailUrl\":\"https:\\\/\\\/www.villevesuviane.net\\\/wp-content\\\/uploads\\\/2022\\\/01\\\/Premio-la-Ginestra-assegnato-a-Sergio-Givone.jpg\",\"articleSection\":[\"Premio La Ginestra 2021\"],\"inLanguage\":\"en-US\",\"potentialAction\":[{\"@type\":\"CommentAction\",\"name\":\"Comment\",\"target\":[\"https:\\\/\\\/www.villevesuviane.net\\\/rassegna-stampa\\\/premio-la-ginestra-2021\\\/premio-la-ginestra-assegnato-a-sergio-givone\\\/#respond\"]}]},{\"@type\":\"WebPage\",\"@id\":\"https:\\\/\\\/www.villevesuviane.net\\\/rassegna-stampa\\\/premio-la-ginestra-2021\\\/premio-la-ginestra-assegnato-a-sergio-givone\\\/\",\"url\":\"https:\\\/\\\/www.villevesuviane.net\\\/rassegna-stampa\\\/premio-la-ginestra-2021\\\/premio-la-ginestra-assegnato-a-sergio-givone\\\/\",\"name\":\"Premio la Ginestra assegnato a Sergio Givone - Ville Vesuviane\",\"isPartOf\":{\"@id\":\"https:\\\/\\\/www.villevesuviane.net\\\/#website\"},\"primaryImageOfPage\":{\"@id\":\"https:\\\/\\\/www.villevesuviane.net\\\/rassegna-stampa\\\/premio-la-ginestra-2021\\\/premio-la-ginestra-assegnato-a-sergio-givone\\\/#primaryimage\"},\"image\":{\"@id\":\"https:\\\/\\\/www.villevesuviane.net\\\/rassegna-stampa\\\/premio-la-ginestra-2021\\\/premio-la-ginestra-assegnato-a-sergio-givone\\\/#primaryimage\"},\"thumbnailUrl\":\"https:\\\/\\\/www.villevesuviane.net\\\/wp-content\\\/uploads\\\/2022\\\/01\\\/Premio-la-Ginestra-assegnato-a-Sergio-Givone.jpg\",\"datePublished\":\"2021-12-06T08:26:43+00:00\",\"dateModified\":\"2022-09-15T11:33:39+00:00\",\"author\":{\"@id\":\"https:\\\/\\\/www.villevesuviane.net\\\/#\\\/schema\\\/person\\\/969865feaea8cec02dbee3b42c8d68a6\"},\"breadcrumb\":{\"@id\":\"https:\\\/\\\/www.villevesuviane.net\\\/rassegna-stampa\\\/premio-la-ginestra-2021\\\/premio-la-ginestra-assegnato-a-sergio-givone\\\/#breadcrumb\"},\"inLanguage\":\"en-US\",\"potentialAction\":[{\"@type\":\"ReadAction\",\"target\":[\"https:\\\/\\\/www.villevesuviane.net\\\/rassegna-stampa\\\/premio-la-ginestra-2021\\\/premio-la-ginestra-assegnato-a-sergio-givone\\\/\"]}]},{\"@type\":\"ImageObject\",\"inLanguage\":\"en-US\",\"@id\":\"https:\\\/\\\/www.villevesuviane.net\\\/rassegna-stampa\\\/premio-la-ginestra-2021\\\/premio-la-ginestra-assegnato-a-sergio-givone\\\/#primaryimage\",\"url\":\"https:\\\/\\\/www.villevesuviane.net\\\/wp-content\\\/uploads\\\/2022\\\/01\\\/Premio-la-Ginestra-assegnato-a-Sergio-Givone.jpg\",\"contentUrl\":\"https:\\\/\\\/www.villevesuviane.net\\\/wp-content\\\/uploads\\\/2022\\\/01\\\/Premio-la-Ginestra-assegnato-a-Sergio-Givone.jpg\",\"width\":1000,\"height\":600},{\"@type\":\"BreadcrumbList\",\"@id\":\"https:\\\/\\\/www.villevesuviane.net\\\/rassegna-stampa\\\/premio-la-ginestra-2021\\\/premio-la-ginestra-assegnato-a-sergio-givone\\\/#breadcrumb\",\"itemListElement\":[{\"@type\":\"ListItem\",\"position\":1,\"name\":\"Home\",\"item\":\"https:\\\/\\\/www.villevesuviane.net\\\/\"},{\"@type\":\"ListItem\",\"position\":2,\"name\":\"Premio la Ginestra assegnato a Sergio Givone\"}]},{\"@type\":\"WebSite\",\"@id\":\"https:\\\/\\\/www.villevesuviane.net\\\/#website\",\"url\":\"https:\\\/\\\/www.villevesuviane.net\\\/\",\"name\":\"Ville Vesuviane\",\"description\":\"Fondazione Ente Ville Vesuviane\",\"potentialAction\":[{\"@type\":\"SearchAction\",\"target\":{\"@type\":\"EntryPoint\",\"urlTemplate\":\"https:\\\/\\\/www.villevesuviane.net\\\/?s={search_term_string}\"},\"query-input\":{\"@type\":\"PropertyValueSpecification\",\"valueRequired\":true,\"valueName\":\"search_term_string\"}}],\"inLanguage\":\"en-US\"},{\"@type\":\"Person\",\"@id\":\"https:\\\/\\\/www.villevesuviane.net\\\/#\\\/schema\\\/person\\\/969865feaea8cec02dbee3b42c8d68a6\",\"name\":\"villevesuviane\",\"image\":{\"@type\":\"ImageObject\",\"inLanguage\":\"en-US\",\"@id\":\"https:\\\/\\\/secure.gravatar.com\\\/avatar\\\/dfcdcbeed7ee2f96d0e1c16496db15ac3d24ceb6727b1563056aba66f64e5dbc?s=96&d=mm&r=g\",\"url\":\"https:\\\/\\\/secure.gravatar.com\\\/avatar\\\/dfcdcbeed7ee2f96d0e1c16496db15ac3d24ceb6727b1563056aba66f64e5dbc?s=96&d=mm&r=g\",\"contentUrl\":\"https:\\\/\\\/secure.gravatar.com\\\/avatar\\\/dfcdcbeed7ee2f96d0e1c16496db15ac3d24ceb6727b1563056aba66f64e5dbc?s=96&d=mm&r=g\",\"caption\":\"villevesuviane\"},\"sameAs\":[\"http:\\\/\\\/www.villevesuviane.net\"]}]}<\/script>\n<!-- \/ Yoast SEO plugin. -->","yoast_head_json":{"title":"Premio la Ginestra assegnato a Sergio Givone - Ville Vesuviane","robots":{"index":"index","follow":"follow","max-snippet":"max-snippet:-1","max-image-preview":"max-image-preview:large","max-video-preview":"max-video-preview:-1"},"canonical":"https:\/\/www.villevesuviane.net\/en\/rassegna-stampa\/premio-la-ginestra-2021\/premio-la-ginestra-assegnato-a-sergio-givone\/","og_locale":"en_US","og_type":"article","og_title":"Premio la Ginestra assegnato a Sergio Givone - Ville Vesuviane","og_description":"Nelle incantevoli stanze di Villa Campolieto, domenica 5 dicembre, si \u00e8 tenuta la quattordicesima edizione del Premio \u2018La Ginestra\u2019, quest\u2019anno assegnato a Sergio Givone, professore emerito di Estetica all\u2019Universit\u00e0 di [&hellip;]","og_url":"https:\/\/www.villevesuviane.net\/rassegna-stampa\/premio-la-ginestra-2021\/premio-la-ginestra-assegnato-a-sergio-givone\/","og_site_name":"Ville Vesuviane","article_publisher":"https:\/\/www.facebook.com\/villevesuviane.net\/","article_published_time":"2021-12-06T08:26:43+00:00","article_modified_time":"2022-09-15T11:33:39+00:00","og_image":[{"width":1000,"height":600,"url":"https:\/\/www.villevesuviane.net\/wp-content\/uploads\/2022\/01\/Premio-la-Ginestra-assegnato-a-Sergio-Givone.jpg","type":"image\/jpeg"}],"author":"villevesuviane","twitter_card":"summary_large_image","twitter_misc":{"Written by":"villevesuviane","Est. reading time":"3 minutes"},"schema":{"@context":"https:\/\/schema.org","@graph":[{"@type":"Article","@id":"https:\/\/www.villevesuviane.net\/rassegna-stampa\/premio-la-ginestra-2021\/premio-la-ginestra-assegnato-a-sergio-givone\/#article","isPartOf":{"@id":"https:\/\/www.villevesuviane.net\/rassegna-stampa\/premio-la-ginestra-2021\/premio-la-ginestra-assegnato-a-sergio-givone\/"},"author":{"name":"villevesuviane","@id":"https:\/\/www.villevesuviane.net\/#\/schema\/person\/969865feaea8cec02dbee3b42c8d68a6"},"headline":"Premio la Ginestra assegnato a Sergio Givone","datePublished":"2021-12-06T08:26:43+00:00","dateModified":"2022-09-15T11:33:39+00:00","mainEntityOfPage":{"@id":"https:\/\/www.villevesuviane.net\/rassegna-stampa\/premio-la-ginestra-2021\/premio-la-ginestra-assegnato-a-sergio-givone\/"},"wordCount":583,"commentCount":0,"image":{"@id":"https:\/\/www.villevesuviane.net\/rassegna-stampa\/premio-la-ginestra-2021\/premio-la-ginestra-assegnato-a-sergio-givone\/#primaryimage"},"thumbnailUrl":"https:\/\/www.villevesuviane.net\/wp-content\/uploads\/2022\/01\/Premio-la-Ginestra-assegnato-a-Sergio-Givone.jpg","articleSection":["Premio La Ginestra 2021"],"inLanguage":"en-US","potentialAction":[{"@type":"CommentAction","name":"Comment","target":["https:\/\/www.villevesuviane.net\/rassegna-stampa\/premio-la-ginestra-2021\/premio-la-ginestra-assegnato-a-sergio-givone\/#respond"]}]},{"@type":"WebPage","@id":"https:\/\/www.villevesuviane.net\/rassegna-stampa\/premio-la-ginestra-2021\/premio-la-ginestra-assegnato-a-sergio-givone\/","url":"https:\/\/www.villevesuviane.net\/rassegna-stampa\/premio-la-ginestra-2021\/premio-la-ginestra-assegnato-a-sergio-givone\/","name":"Premio la Ginestra assegnato a Sergio Givone - Ville Vesuviane","isPartOf":{"@id":"https:\/\/www.villevesuviane.net\/#website"},"primaryImageOfPage":{"@id":"https:\/\/www.villevesuviane.net\/rassegna-stampa\/premio-la-ginestra-2021\/premio-la-ginestra-assegnato-a-sergio-givone\/#primaryimage"},"image":{"@id":"https:\/\/www.villevesuviane.net\/rassegna-stampa\/premio-la-ginestra-2021\/premio-la-ginestra-assegnato-a-sergio-givone\/#primaryimage"},"thumbnailUrl":"https:\/\/www.villevesuviane.net\/wp-content\/uploads\/2022\/01\/Premio-la-Ginestra-assegnato-a-Sergio-Givone.jpg","datePublished":"2021-12-06T08:26:43+00:00","dateModified":"2022-09-15T11:33:39+00:00","author":{"@id":"https:\/\/www.villevesuviane.net\/#\/schema\/person\/969865feaea8cec02dbee3b42c8d68a6"},"breadcrumb":{"@id":"https:\/\/www.villevesuviane.net\/rassegna-stampa\/premio-la-ginestra-2021\/premio-la-ginestra-assegnato-a-sergio-givone\/#breadcrumb"},"inLanguage":"en-US","potentialAction":[{"@type":"ReadAction","target":["https:\/\/www.villevesuviane.net\/rassegna-stampa\/premio-la-ginestra-2021\/premio-la-ginestra-assegnato-a-sergio-givone\/"]}]},{"@type":"ImageObject","inLanguage":"en-US","@id":"https:\/\/www.villevesuviane.net\/rassegna-stampa\/premio-la-ginestra-2021\/premio-la-ginestra-assegnato-a-sergio-givone\/#primaryimage","url":"https:\/\/www.villevesuviane.net\/wp-content\/uploads\/2022\/01\/Premio-la-Ginestra-assegnato-a-Sergio-Givone.jpg","contentUrl":"https:\/\/www.villevesuviane.net\/wp-content\/uploads\/2022\/01\/Premio-la-Ginestra-assegnato-a-Sergio-Givone.jpg","width":1000,"height":600},{"@type":"BreadcrumbList","@id":"https:\/\/www.villevesuviane.net\/rassegna-stampa\/premio-la-ginestra-2021\/premio-la-ginestra-assegnato-a-sergio-givone\/#breadcrumb","itemListElement":[{"@type":"ListItem","position":1,"name":"Home","item":"https:\/\/www.villevesuviane.net\/"},{"@type":"ListItem","position":2,"name":"Premio la Ginestra assegnato a Sergio Givone"}]},{"@type":"WebSite","@id":"https:\/\/www.villevesuviane.net\/#website","url":"https:\/\/www.villevesuviane.net\/","name":"Ville Vesuviane","description":"Fondazione Ente Ville Vesuviane","potentialAction":[{"@type":"SearchAction","target":{"@type":"EntryPoint","urlTemplate":"https:\/\/www.villevesuviane.net\/?s={search_term_string}"},"query-input":{"@type":"PropertyValueSpecification","valueRequired":true,"valueName":"search_term_string"}}],"inLanguage":"en-US"},{"@type":"Person","@id":"https:\/\/www.villevesuviane.net\/#\/schema\/person\/969865feaea8cec02dbee3b42c8d68a6","name":"villevesuviane","image":{"@type":"ImageObject","inLanguage":"en-US","@id":"https:\/\/secure.gravatar.com\/avatar\/dfcdcbeed7ee2f96d0e1c16496db15ac3d24ceb6727b1563056aba66f64e5dbc?s=96&d=mm&r=g","url":"https:\/\/secure.gravatar.com\/avatar\/dfcdcbeed7ee2f96d0e1c16496db15ac3d24ceb6727b1563056aba66f64e5dbc?s=96&d=mm&r=g","contentUrl":"https:\/\/secure.gravatar.com\/avatar\/dfcdcbeed7ee2f96d0e1c16496db15ac3d24ceb6727b1563056aba66f64e5dbc?s=96&d=mm&r=g","caption":"villevesuviane"},"sameAs":["http:\/\/www.villevesuviane.net"]}]}},"_links":{"self":[{"href":"https:\/\/www.villevesuviane.net\/en\/wp-json\/wp\/v2\/posts\/8651","targetHints":{"allow":["GET"]}}],"collection":[{"href":"https:\/\/www.villevesuviane.net\/en\/wp-json\/wp\/v2\/posts"}],"about":[{"href":"https:\/\/www.villevesuviane.net\/en\/wp-json\/wp\/v2\/types\/post"}],"author":[{"embeddable":true,"href":"https:\/\/www.villevesuviane.net\/en\/wp-json\/wp\/v2\/users\/1"}],"replies":[{"embeddable":true,"href":"https:\/\/www.villevesuviane.net\/en\/wp-json\/wp\/v2\/comments?post=8651"}],"version-history":[{"count":1,"href":"https:\/\/www.villevesuviane.net\/en\/wp-json\/wp\/v2\/posts\/8651\/revisions"}],"predecessor-version":[{"id":8652,"href":"https:\/\/www.villevesuviane.net\/en\/wp-json\/wp\/v2\/posts\/8651\/revisions\/8652"}],"wp:featuredmedia":[{"embeddable":true,"href":"https:\/\/www.villevesuviane.net\/en\/wp-json\/wp\/v2\/media\/4702"}],"wp:attachment":[{"href":"https:\/\/www.villevesuviane.net\/en\/wp-json\/wp\/v2\/media?parent=8651"}],"wp:term":[{"taxonomy":"category","embeddable":true,"href":"https:\/\/www.villevesuviane.net\/en\/wp-json\/wp\/v2\/categories?post=8651"},{"taxonomy":"post_tag","embeddable":true,"href":"https:\/\/www.villevesuviane.net\/en\/wp-json\/wp\/v2\/tags?post=8651"}],"curies":[{"name":"wp","href":"https:\/\/api.w.org\/{rel}","templated":true}]}}