{"id":8666,"date":"2021-12-03T09:47:37","date_gmt":"2021-12-03T08:47:37","guid":{"rendered":"https:\/\/www.villevesuviane.net\/uncategorized\/assegnato-a-sergio-givone-il-premio-la-ginestra-2021\/"},"modified":"2022-09-15T13:34:39","modified_gmt":"2022-09-15T11:34:39","slug":"assegnato-a-sergio-givone-il-premio-la-ginestra-2021","status":"publish","type":"post","link":"https:\/\/www.villevesuviane.net\/en\/premio-la-ginestra-2021-en\/assegnato-a-sergio-givone-il-premio-la-ginestra-2021\/","title":{"rendered":"Assegnato a Sergio Givone il premio \u201cLa Ginestra 2021\u201d"},"content":{"rendered":"\t\t<div data-elementor-type=\"wp-post\" data-elementor-id=\"8666\" class=\"elementor elementor-8666 elementor-4758\" data-elementor-post-type=\"post\">\n\t\t\t\t\t\t<section class=\"elementor-section elementor-top-section elementor-element elementor-element-a1b7325 elementor-section-boxed elementor-section-height-default elementor-section-height-default\" data-id=\"a1b7325\" data-element_type=\"section\" data-e-type=\"section\">\n\t\t\t\t\t\t<div class=\"elementor-container elementor-column-gap-default\">\n\t\t\t\t\t<div class=\"elementor-column elementor-col-100 elementor-top-column elementor-element elementor-element-dcf7a20\" data-id=\"dcf7a20\" data-element_type=\"column\" data-e-type=\"column\">\n\t\t\t<div class=\"elementor-widget-wrap elementor-element-populated\">\n\t\t\t\t\t\t<div class=\"elementor-element elementor-element-b643ad9 elementor-widget elementor-widget-text-editor\" data-id=\"b643ad9\" data-element_type=\"widget\" data-e-type=\"widget\" data-widget_type=\"text-editor.default\">\n\t\t\t\t<div class=\"elementor-widget-container\">\n\t\t\t\t\t\t\t\t\t<p><b>La quattordicesima edizione si terr\u00e0 domenica 5 dicembre 2021 presso Villa Campolieto a Ercolano<\/b><\/p><p>\u00c8 uno dei premi letterari leopardiani pi\u00f9 amati e attesi in Italia e in Europa. Sar\u00e0 la monumentale Villa Campolieto di Ercolano (NA) a ospitare domenica 5 dicembre 2021 alle ore 11.00 la quattordicesima edizione del Premio La Ginestra. Il Premio internazionale leopardiano celebra da sempre il poeta recanatese e i luoghi campani da lui pi\u00f9 amati.<\/p><p>Il Premio La Ginestra \u2013 edizione 2021 sar\u00e0 assegnato a SERGIO GIVONE, professore emerito di Estetica all\u2019Universit\u00e0 di Firenze: i suoi studi costituiscono un momento essenziale della riflessione intorno al nichilismo e al carattere tragico del pensiero moderno. I saggi di Givone sono le tappe di un processo conoscitivo unitario, che va da Dostoevskij e la filosofia del 1986 a Disincanto del mondo e pensiero tragico del 1988 fino a Luce d\u2019addio. Dialoghi dell\u2019amore ferito del 2016. Tra questi estremi cronologici, intrecciati con la scrittura di tre romanzi, si collocano La storia del nulla del 1995, Il bibliotecario di Leibniz. Filosofia e romanzo del 2005 e la Metafisica della peste del 2012.<\/p><p>Questa la motivazione dell\u2019assegnazione del Premio La Ginestra 2021 al professor Givone:<br \/><i>Nei testi di filosofi e di romanzieri, Givone mette in gioco i temi essenziali della sua indagine. Analizza il significato di un concetto capitale come il nulla o riflette intorno all\u2019esperienza della peste, elevata a figura della condizione umana.<br \/><\/i><\/p><p><i>Lungo questa strada, che \u00e8 nello stesso tempo ermeneutica ed estetica, l\u2019incontro con le opere di Leopardi \u00e8 fatale. Il pensiero tragico trova nelle sue riflessioni e nei suoi versi un punto di vista imprescindibile, che congiunge fatalit\u00e0 della morte e desiderio della vita. Per Givone Leopardi trasforma il dolore in consapevolezza. Attribuita \u00abla colpa\u00bb \u00aba quella che veramente \u00e8 rea\u00bb, l\u2019uomo pu\u00f2 stringere un patto con i suoi simili. La compassione e l\u2019amore consentono di trovare un senso nel non senso dell\u2019esistenza. La natura \u00e8 tenebra, ma il cuore di tenebra della natura sprigiona luce \u2013 scrive Givone. Quella luce che gli uomini non hanno saputo accogliere, come intona l\u2019esergo giovanneo apposto da Leopardi a La ginestra: \u00abE gli uomini vollero piuttosto le tenebre che la luce\u00bb.<\/i><\/p><p>\u00a0<\/p><p><i>Nei testi di Leopardi Givone ritrova la ricchezza del pensiero tragico, che intreccia la coscienza del nulla e il destino della caducit\u00e0 con la potenza della poesia. La poesia \u201cporta il nulla dentro di s\u00e9\u201d ed \u00e8, nello stesso tempo, la consolazione da cui \u201cl\u2019anima riceve la vita\u201d.<\/i><\/p><p>Il premio \u201cLa Ginestra\u201d assegnato a Sergio Givone vuole testimoniare il vigore speculativo delle sue ricerche e la fecondit\u00e0 della prospettiva, \u201ccelestiale e infera\u201d, con cui egli interpreta l\u2019avventura umana e poetica di Giacomo Leopardi.<\/p><p>Nel corso degli anni, il Premio La Ginestra \u00e8 stato assegnato a studiosi come <b>Aldo Masullo, Gilberto Lonardi, Luigi Blasucci, Antonio Prete, Lucio Felici,<\/b> al filosofo <b>Massimo Cacciari<\/b> e al regista<b> Mario Martone<\/b>. Nel corso dell\u2019ultima edizione \u2013 tenutasi nel 2019 \u2013 il Premio internazionale leopardiano \u00e8 stato assegnato al cantautore <b>Roberto Vecchioni<\/b>, che proprio in quell\u2019anno celebr\u00f2 il duecentesimo anniversario de \u201cL\u2019Infinito\u201d del Leopardi pubblicando un disco dal titolo omonimo.<\/p><p><i>Fonte <a href=\"https:\/\/ecampania.it\/event\/assegnato-a-sergio-givone-il-premio-la-ginestra-2021\/\">ecampania.it<\/a><\/i><\/p>\t\t\t\t\t\t\t\t<\/div>\n\t\t\t\t<\/div>\n\t\t\t\t\t<\/div>\n\t\t<\/div>\n\t\t\t\t\t<\/div>\n\t\t<\/section>\n\t\t\t\t<\/div>\n\t\t","protected":false},"excerpt":{"rendered":"<p>La quattordicesima edizione si terr\u00e0 domenica 5 dicembre 2021 presso Villa Campolieto a Ercolano \u00c8 uno dei premi letterari leopardiani pi\u00f9 amati e attesi in Italia e in Europa. Sar\u00e0 [&hellip;]<\/p>\n","protected":false},"author":1,"featured_media":4760,"comment_status":"open","ping_status":"open","sticky":false,"template":"","format":"standard","meta":{"_acf_changed":false,"footnotes":""},"categories":[122],"tags":[],"class_list":["post-8666","post","type-post","status-publish","format-standard","has-post-thumbnail","hentry","category-premio-la-ginestra-2021-en"],"acf":[],"yoast_head":"<!-- This site is optimized with the Yoast SEO plugin v27.4 - https:\/\/yoast.com\/product\/yoast-seo-wordpress\/ -->\n<title>Assegnato a Sergio Givone il premio \u201cLa Ginestra 2021\u201d - Ville Vesuviane<\/title>\n<meta name=\"robots\" content=\"index, follow, max-snippet:-1, max-image-preview:large, max-video-preview:-1\" \/>\n<link rel=\"canonical\" href=\"https:\/\/www.villevesuviane.net\/en\/rassegna-stampa\/premio-la-ginestra-2021\/assegnato-a-sergio-givone-il-premio-la-ginestra-2021\/\" \/>\n<meta property=\"og:locale\" content=\"en_US\" \/>\n<meta property=\"og:type\" content=\"article\" \/>\n<meta property=\"og:title\" content=\"Assegnato a Sergio Givone il premio \u201cLa Ginestra 2021\u201d - Ville Vesuviane\" \/>\n<meta property=\"og:description\" content=\"La quattordicesima edizione si terr\u00e0 domenica 5 dicembre 2021 presso Villa Campolieto a Ercolano \u00c8 uno dei premi letterari leopardiani pi\u00f9 amati e attesi in Italia e in Europa. Sar\u00e0 [&hellip;]\" \/>\n<meta property=\"og:url\" content=\"https:\/\/www.villevesuviane.net\/rassegna-stampa\/premio-la-ginestra-2021\/assegnato-a-sergio-givone-il-premio-la-ginestra-2021\/\" \/>\n<meta property=\"og:site_name\" content=\"Ville Vesuviane\" \/>\n<meta property=\"article:publisher\" content=\"https:\/\/www.facebook.com\/villevesuviane.net\/\" \/>\n<meta property=\"article:published_time\" content=\"2021-12-03T08:47:37+00:00\" \/>\n<meta property=\"article:modified_time\" content=\"2022-09-15T11:34:39+00:00\" \/>\n<meta property=\"og:image\" content=\"https:\/\/www.villevesuviane.net\/wp-content\/uploads\/2022\/01\/Sergio-Givone-2.jpg\" \/>\n\t<meta property=\"og:image:width\" content=\"800\" \/>\n\t<meta property=\"og:image:height\" content=\"533\" \/>\n\t<meta property=\"og:image:type\" content=\"image\/jpeg\" \/>\n<meta name=\"author\" content=\"villevesuviane\" \/>\n<meta name=\"twitter:card\" content=\"summary_large_image\" \/>\n<meta name=\"twitter:label1\" content=\"Written by\" \/>\n\t<meta name=\"twitter:data1\" content=\"villevesuviane\" \/>\n\t<meta name=\"twitter:label2\" content=\"Est. reading time\" \/>\n\t<meta name=\"twitter:data2\" content=\"3 minutes\" \/>\n<script type=\"application\/ld+json\" class=\"yoast-schema-graph\">{\"@context\":\"https:\\\/\\\/schema.org\",\"@graph\":[{\"@type\":\"Article\",\"@id\":\"https:\\\/\\\/www.villevesuviane.net\\\/rassegna-stampa\\\/premio-la-ginestra-2021\\\/assegnato-a-sergio-givone-il-premio-la-ginestra-2021\\\/#article\",\"isPartOf\":{\"@id\":\"https:\\\/\\\/www.villevesuviane.net\\\/rassegna-stampa\\\/premio-la-ginestra-2021\\\/assegnato-a-sergio-givone-il-premio-la-ginestra-2021\\\/\"},\"author\":{\"name\":\"villevesuviane\",\"@id\":\"https:\\\/\\\/www.villevesuviane.net\\\/#\\\/schema\\\/person\\\/969865feaea8cec02dbee3b42c8d68a6\"},\"headline\":\"Assegnato a Sergio Givone il premio \u201cLa Ginestra 2021\u201d\",\"datePublished\":\"2021-12-03T08:47:37+00:00\",\"dateModified\":\"2022-09-15T11:34:39+00:00\",\"mainEntityOfPage\":{\"@id\":\"https:\\\/\\\/www.villevesuviane.net\\\/rassegna-stampa\\\/premio-la-ginestra-2021\\\/assegnato-a-sergio-givone-il-premio-la-ginestra-2021\\\/\"},\"wordCount\":516,\"commentCount\":0,\"image\":{\"@id\":\"https:\\\/\\\/www.villevesuviane.net\\\/rassegna-stampa\\\/premio-la-ginestra-2021\\\/assegnato-a-sergio-givone-il-premio-la-ginestra-2021\\\/#primaryimage\"},\"thumbnailUrl\":\"https:\\\/\\\/www.villevesuviane.net\\\/wp-content\\\/uploads\\\/2022\\\/01\\\/Sergio-Givone-2.jpg\",\"articleSection\":[\"Premio La Ginestra 2021\"],\"inLanguage\":\"en-US\",\"potentialAction\":[{\"@type\":\"CommentAction\",\"name\":\"Comment\",\"target\":[\"https:\\\/\\\/www.villevesuviane.net\\\/rassegna-stampa\\\/premio-la-ginestra-2021\\\/assegnato-a-sergio-givone-il-premio-la-ginestra-2021\\\/#respond\"]}]},{\"@type\":\"WebPage\",\"@id\":\"https:\\\/\\\/www.villevesuviane.net\\\/rassegna-stampa\\\/premio-la-ginestra-2021\\\/assegnato-a-sergio-givone-il-premio-la-ginestra-2021\\\/\",\"url\":\"https:\\\/\\\/www.villevesuviane.net\\\/rassegna-stampa\\\/premio-la-ginestra-2021\\\/assegnato-a-sergio-givone-il-premio-la-ginestra-2021\\\/\",\"name\":\"Assegnato a Sergio Givone il premio \u201cLa Ginestra 2021\u201d - Ville Vesuviane\",\"isPartOf\":{\"@id\":\"https:\\\/\\\/www.villevesuviane.net\\\/#website\"},\"primaryImageOfPage\":{\"@id\":\"https:\\\/\\\/www.villevesuviane.net\\\/rassegna-stampa\\\/premio-la-ginestra-2021\\\/assegnato-a-sergio-givone-il-premio-la-ginestra-2021\\\/#primaryimage\"},\"image\":{\"@id\":\"https:\\\/\\\/www.villevesuviane.net\\\/rassegna-stampa\\\/premio-la-ginestra-2021\\\/assegnato-a-sergio-givone-il-premio-la-ginestra-2021\\\/#primaryimage\"},\"thumbnailUrl\":\"https:\\\/\\\/www.villevesuviane.net\\\/wp-content\\\/uploads\\\/2022\\\/01\\\/Sergio-Givone-2.jpg\",\"datePublished\":\"2021-12-03T08:47:37+00:00\",\"dateModified\":\"2022-09-15T11:34:39+00:00\",\"author\":{\"@id\":\"https:\\\/\\\/www.villevesuviane.net\\\/#\\\/schema\\\/person\\\/969865feaea8cec02dbee3b42c8d68a6\"},\"breadcrumb\":{\"@id\":\"https:\\\/\\\/www.villevesuviane.net\\\/rassegna-stampa\\\/premio-la-ginestra-2021\\\/assegnato-a-sergio-givone-il-premio-la-ginestra-2021\\\/#breadcrumb\"},\"inLanguage\":\"en-US\",\"potentialAction\":[{\"@type\":\"ReadAction\",\"target\":[\"https:\\\/\\\/www.villevesuviane.net\\\/rassegna-stampa\\\/premio-la-ginestra-2021\\\/assegnato-a-sergio-givone-il-premio-la-ginestra-2021\\\/\"]}]},{\"@type\":\"ImageObject\",\"inLanguage\":\"en-US\",\"@id\":\"https:\\\/\\\/www.villevesuviane.net\\\/rassegna-stampa\\\/premio-la-ginestra-2021\\\/assegnato-a-sergio-givone-il-premio-la-ginestra-2021\\\/#primaryimage\",\"url\":\"https:\\\/\\\/www.villevesuviane.net\\\/wp-content\\\/uploads\\\/2022\\\/01\\\/Sergio-Givone-2.jpg\",\"contentUrl\":\"https:\\\/\\\/www.villevesuviane.net\\\/wp-content\\\/uploads\\\/2022\\\/01\\\/Sergio-Givone-2.jpg\",\"width\":800,\"height\":533},{\"@type\":\"BreadcrumbList\",\"@id\":\"https:\\\/\\\/www.villevesuviane.net\\\/rassegna-stampa\\\/premio-la-ginestra-2021\\\/assegnato-a-sergio-givone-il-premio-la-ginestra-2021\\\/#breadcrumb\",\"itemListElement\":[{\"@type\":\"ListItem\",\"position\":1,\"name\":\"Home\",\"item\":\"https:\\\/\\\/www.villevesuviane.net\\\/\"},{\"@type\":\"ListItem\",\"position\":2,\"name\":\"Assegnato a Sergio Givone il premio \u201cLa Ginestra 2021\u201d\"}]},{\"@type\":\"WebSite\",\"@id\":\"https:\\\/\\\/www.villevesuviane.net\\\/#website\",\"url\":\"https:\\\/\\\/www.villevesuviane.net\\\/\",\"name\":\"Ville Vesuviane\",\"description\":\"Fondazione Ente Ville Vesuviane\",\"potentialAction\":[{\"@type\":\"SearchAction\",\"target\":{\"@type\":\"EntryPoint\",\"urlTemplate\":\"https:\\\/\\\/www.villevesuviane.net\\\/?s={search_term_string}\"},\"query-input\":{\"@type\":\"PropertyValueSpecification\",\"valueRequired\":true,\"valueName\":\"search_term_string\"}}],\"inLanguage\":\"en-US\"},{\"@type\":\"Person\",\"@id\":\"https:\\\/\\\/www.villevesuviane.net\\\/#\\\/schema\\\/person\\\/969865feaea8cec02dbee3b42c8d68a6\",\"name\":\"villevesuviane\",\"image\":{\"@type\":\"ImageObject\",\"inLanguage\":\"en-US\",\"@id\":\"https:\\\/\\\/secure.gravatar.com\\\/avatar\\\/dfcdcbeed7ee2f96d0e1c16496db15ac3d24ceb6727b1563056aba66f64e5dbc?s=96&d=mm&r=g\",\"url\":\"https:\\\/\\\/secure.gravatar.com\\\/avatar\\\/dfcdcbeed7ee2f96d0e1c16496db15ac3d24ceb6727b1563056aba66f64e5dbc?s=96&d=mm&r=g\",\"contentUrl\":\"https:\\\/\\\/secure.gravatar.com\\\/avatar\\\/dfcdcbeed7ee2f96d0e1c16496db15ac3d24ceb6727b1563056aba66f64e5dbc?s=96&d=mm&r=g\",\"caption\":\"villevesuviane\"},\"sameAs\":[\"http:\\\/\\\/www.villevesuviane.net\"]}]}<\/script>\n<!-- \/ Yoast SEO plugin. -->","yoast_head_json":{"title":"Assegnato a Sergio Givone il premio \u201cLa Ginestra 2021\u201d - Ville Vesuviane","robots":{"index":"index","follow":"follow","max-snippet":"max-snippet:-1","max-image-preview":"max-image-preview:large","max-video-preview":"max-video-preview:-1"},"canonical":"https:\/\/www.villevesuviane.net\/en\/rassegna-stampa\/premio-la-ginestra-2021\/assegnato-a-sergio-givone-il-premio-la-ginestra-2021\/","og_locale":"en_US","og_type":"article","og_title":"Assegnato a Sergio Givone il premio \u201cLa Ginestra 2021\u201d - Ville Vesuviane","og_description":"La quattordicesima edizione si terr\u00e0 domenica 5 dicembre 2021 presso Villa Campolieto a Ercolano \u00c8 uno dei premi letterari leopardiani pi\u00f9 amati e attesi in Italia e in Europa. Sar\u00e0 [&hellip;]","og_url":"https:\/\/www.villevesuviane.net\/rassegna-stampa\/premio-la-ginestra-2021\/assegnato-a-sergio-givone-il-premio-la-ginestra-2021\/","og_site_name":"Ville Vesuviane","article_publisher":"https:\/\/www.facebook.com\/villevesuviane.net\/","article_published_time":"2021-12-03T08:47:37+00:00","article_modified_time":"2022-09-15T11:34:39+00:00","og_image":[{"width":800,"height":533,"url":"https:\/\/www.villevesuviane.net\/wp-content\/uploads\/2022\/01\/Sergio-Givone-2.jpg","type":"image\/jpeg"}],"author":"villevesuviane","twitter_card":"summary_large_image","twitter_misc":{"Written by":"villevesuviane","Est. reading time":"3 minutes"},"schema":{"@context":"https:\/\/schema.org","@graph":[{"@type":"Article","@id":"https:\/\/www.villevesuviane.net\/rassegna-stampa\/premio-la-ginestra-2021\/assegnato-a-sergio-givone-il-premio-la-ginestra-2021\/#article","isPartOf":{"@id":"https:\/\/www.villevesuviane.net\/rassegna-stampa\/premio-la-ginestra-2021\/assegnato-a-sergio-givone-il-premio-la-ginestra-2021\/"},"author":{"name":"villevesuviane","@id":"https:\/\/www.villevesuviane.net\/#\/schema\/person\/969865feaea8cec02dbee3b42c8d68a6"},"headline":"Assegnato a Sergio Givone il premio \u201cLa Ginestra 2021\u201d","datePublished":"2021-12-03T08:47:37+00:00","dateModified":"2022-09-15T11:34:39+00:00","mainEntityOfPage":{"@id":"https:\/\/www.villevesuviane.net\/rassegna-stampa\/premio-la-ginestra-2021\/assegnato-a-sergio-givone-il-premio-la-ginestra-2021\/"},"wordCount":516,"commentCount":0,"image":{"@id":"https:\/\/www.villevesuviane.net\/rassegna-stampa\/premio-la-ginestra-2021\/assegnato-a-sergio-givone-il-premio-la-ginestra-2021\/#primaryimage"},"thumbnailUrl":"https:\/\/www.villevesuviane.net\/wp-content\/uploads\/2022\/01\/Sergio-Givone-2.jpg","articleSection":["Premio La Ginestra 2021"],"inLanguage":"en-US","potentialAction":[{"@type":"CommentAction","name":"Comment","target":["https:\/\/www.villevesuviane.net\/rassegna-stampa\/premio-la-ginestra-2021\/assegnato-a-sergio-givone-il-premio-la-ginestra-2021\/#respond"]}]},{"@type":"WebPage","@id":"https:\/\/www.villevesuviane.net\/rassegna-stampa\/premio-la-ginestra-2021\/assegnato-a-sergio-givone-il-premio-la-ginestra-2021\/","url":"https:\/\/www.villevesuviane.net\/rassegna-stampa\/premio-la-ginestra-2021\/assegnato-a-sergio-givone-il-premio-la-ginestra-2021\/","name":"Assegnato a Sergio Givone il premio \u201cLa Ginestra 2021\u201d - Ville Vesuviane","isPartOf":{"@id":"https:\/\/www.villevesuviane.net\/#website"},"primaryImageOfPage":{"@id":"https:\/\/www.villevesuviane.net\/rassegna-stampa\/premio-la-ginestra-2021\/assegnato-a-sergio-givone-il-premio-la-ginestra-2021\/#primaryimage"},"image":{"@id":"https:\/\/www.villevesuviane.net\/rassegna-stampa\/premio-la-ginestra-2021\/assegnato-a-sergio-givone-il-premio-la-ginestra-2021\/#primaryimage"},"thumbnailUrl":"https:\/\/www.villevesuviane.net\/wp-content\/uploads\/2022\/01\/Sergio-Givone-2.jpg","datePublished":"2021-12-03T08:47:37+00:00","dateModified":"2022-09-15T11:34:39+00:00","author":{"@id":"https:\/\/www.villevesuviane.net\/#\/schema\/person\/969865feaea8cec02dbee3b42c8d68a6"},"breadcrumb":{"@id":"https:\/\/www.villevesuviane.net\/rassegna-stampa\/premio-la-ginestra-2021\/assegnato-a-sergio-givone-il-premio-la-ginestra-2021\/#breadcrumb"},"inLanguage":"en-US","potentialAction":[{"@type":"ReadAction","target":["https:\/\/www.villevesuviane.net\/rassegna-stampa\/premio-la-ginestra-2021\/assegnato-a-sergio-givone-il-premio-la-ginestra-2021\/"]}]},{"@type":"ImageObject","inLanguage":"en-US","@id":"https:\/\/www.villevesuviane.net\/rassegna-stampa\/premio-la-ginestra-2021\/assegnato-a-sergio-givone-il-premio-la-ginestra-2021\/#primaryimage","url":"https:\/\/www.villevesuviane.net\/wp-content\/uploads\/2022\/01\/Sergio-Givone-2.jpg","contentUrl":"https:\/\/www.villevesuviane.net\/wp-content\/uploads\/2022\/01\/Sergio-Givone-2.jpg","width":800,"height":533},{"@type":"BreadcrumbList","@id":"https:\/\/www.villevesuviane.net\/rassegna-stampa\/premio-la-ginestra-2021\/assegnato-a-sergio-givone-il-premio-la-ginestra-2021\/#breadcrumb","itemListElement":[{"@type":"ListItem","position":1,"name":"Home","item":"https:\/\/www.villevesuviane.net\/"},{"@type":"ListItem","position":2,"name":"Assegnato a Sergio Givone il premio \u201cLa Ginestra 2021\u201d"}]},{"@type":"WebSite","@id":"https:\/\/www.villevesuviane.net\/#website","url":"https:\/\/www.villevesuviane.net\/","name":"Ville Vesuviane","description":"Fondazione Ente Ville Vesuviane","potentialAction":[{"@type":"SearchAction","target":{"@type":"EntryPoint","urlTemplate":"https:\/\/www.villevesuviane.net\/?s={search_term_string}"},"query-input":{"@type":"PropertyValueSpecification","valueRequired":true,"valueName":"search_term_string"}}],"inLanguage":"en-US"},{"@type":"Person","@id":"https:\/\/www.villevesuviane.net\/#\/schema\/person\/969865feaea8cec02dbee3b42c8d68a6","name":"villevesuviane","image":{"@type":"ImageObject","inLanguage":"en-US","@id":"https:\/\/secure.gravatar.com\/avatar\/dfcdcbeed7ee2f96d0e1c16496db15ac3d24ceb6727b1563056aba66f64e5dbc?s=96&d=mm&r=g","url":"https:\/\/secure.gravatar.com\/avatar\/dfcdcbeed7ee2f96d0e1c16496db15ac3d24ceb6727b1563056aba66f64e5dbc?s=96&d=mm&r=g","contentUrl":"https:\/\/secure.gravatar.com\/avatar\/dfcdcbeed7ee2f96d0e1c16496db15ac3d24ceb6727b1563056aba66f64e5dbc?s=96&d=mm&r=g","caption":"villevesuviane"},"sameAs":["http:\/\/www.villevesuviane.net"]}]}},"_links":{"self":[{"href":"https:\/\/www.villevesuviane.net\/en\/wp-json\/wp\/v2\/posts\/8666","targetHints":{"allow":["GET"]}}],"collection":[{"href":"https:\/\/www.villevesuviane.net\/en\/wp-json\/wp\/v2\/posts"}],"about":[{"href":"https:\/\/www.villevesuviane.net\/en\/wp-json\/wp\/v2\/types\/post"}],"author":[{"embeddable":true,"href":"https:\/\/www.villevesuviane.net\/en\/wp-json\/wp\/v2\/users\/1"}],"replies":[{"embeddable":true,"href":"https:\/\/www.villevesuviane.net\/en\/wp-json\/wp\/v2\/comments?post=8666"}],"version-history":[{"count":1,"href":"https:\/\/www.villevesuviane.net\/en\/wp-json\/wp\/v2\/posts\/8666\/revisions"}],"predecessor-version":[{"id":8667,"href":"https:\/\/www.villevesuviane.net\/en\/wp-json\/wp\/v2\/posts\/8666\/revisions\/8667"}],"wp:featuredmedia":[{"embeddable":true,"href":"https:\/\/www.villevesuviane.net\/en\/wp-json\/wp\/v2\/media\/4760"}],"wp:attachment":[{"href":"https:\/\/www.villevesuviane.net\/en\/wp-json\/wp\/v2\/media?parent=8666"}],"wp:term":[{"taxonomy":"category","embeddable":true,"href":"https:\/\/www.villevesuviane.net\/en\/wp-json\/wp\/v2\/categories?post=8666"},{"taxonomy":"post_tag","embeddable":true,"href":"https:\/\/www.villevesuviane.net\/en\/wp-json\/wp\/v2\/tags?post=8666"}],"curies":[{"name":"wp","href":"https:\/\/api.w.org\/{rel}","templated":true}]}}