{"id":8743,"date":"2021-07-09T16:37:43","date_gmt":"2021-07-09T14:37:43","guid":{"rendered":"https:\/\/www.villevesuviane.net\/uncategorized\/firmato-accordo-di-collaborazione-tra-la-fondazione-ente-ville-vesuviane-e-il-musa\/"},"modified":"2022-09-21T14:02:27","modified_gmt":"2022-09-21T12:02:27","slug":"firmato-accordo-di-collaborazione-tra-la-fondazione-ente-ville-vesuviane-e-il-musa","status":"publish","type":"post","link":"https:\/\/www.villevesuviane.net\/en\/rassegna-stampa-en\/firmato-accordo-di-collaborazione-tra-la-fondazione-ente-ville-vesuviane-e-il-musa\/","title":{"rendered":"Firmato accordo di collaborazione tra la Fondazione Ente Ville Vesuviane e il Musa"},"content":{"rendered":"<p><strong>\u00c8 nato l\u2019accordo di collaborazione tra la Fondazione Ente Ville Vesuviane e il Musa (Musei della Reggia di Portici), per la promozione e valorizzazione di questi due importanti e preziosi patrimoni storico-architettonico, del comprensorio vesuviano.<\/strong><\/p>\n<p>Significativa e dunque proficua collaborazione tra questi due importanti enti vesuviani, il cui valore storico-architettonico \u00e8 uno dei pi\u00f9 grandi e preziosi del vasto comprensorio vesuviano, che offre un\u2019ampia scelta di conoscenza per la cultura, l\u2019arte, la storia e il patrimonio di questa pregevole parte della Regione Campania. Il Presidente della Fondazione Ente Ville Vesuviane, Gianluca Del Mastro e il direttore Stefano Mazzoleni del Musa \u2013 Musei delle Scienze Agrarie della Federico II, ospitato nella Reggia di Portici, hanno infatti firmato un accordo per la promozione e la valorizzazione delle due strutture museali.<\/p>\n<p>Questo progetto ha l\u2019intento di creare forme di collaborazione culturale attraverso l\u2019unione delle risorse e delle competenze coinvolte che si inseriscono nel pi\u00f9 ampio progetto di riqualificazione urbanistica del Miglio d\u2019Oro, senza dubbio una ricchezza storico-paesaggistica che attraversa i quartieri napoletani di San Giovanni a Teduccio, barra, San Giorgio a Cremano e Portici, arrivando fino ad Ercolano, e l\u2019area Costiera compresa tra i due siti Museali.<\/p>\n<p>Pertanto, i musei si impegnano a promuovere delle tipologie di biglietto integrato destinate a incrementare il numero di visitatori e ampliare le fasce di utenza, in tal modo si dar\u00e0 un nuovo impulso alla valorizzazione e diffusione della conoscenza del patrimonio museale, scientifico e culturale dell\u2019area con benefici per tutte le realt\u00e0 culturali territoriali.<\/p>\n<p><strong>Il biglietto includer\u00e0 la visita ai Musei della Reggia di Portici, Villa Campolieto e Villa delle Ginestre.<\/strong><\/p>\n<p>Il presidente della Fondazione Ente Ville Vesuviane, professore Gianluca Del Mastro ha dichiarato: &lt;&lt;La collaborazione tra la Fondazione e il Musa \u00e8 un\u2019iniziativa importante che come Fondazione Ente Ville Vesuviane abbiamo voluto fortemente e rappresenta solo la prima di una serie di relazioni che intendiamo intessere con il territorio. Il Miglio D\u2019Oro e tutta l\u2019area a sud di Napoli stanno riacquisendo una grande autonomia e una propria identit\u00e0, al di l\u00e0 dei grandi intercettori di pubblico rappresentati da Pompei, da una parte, e Napoli dall\u2019altra, e per questo l\u2019integrazione e la collaborazione tra Enti \u00e8 ancora pi\u00f9 fondamentale perch\u00e9 solo insieme possiamo intraprendere un vero cammino di valorizzazione che faccia scoprire ai turisti e alla comunit\u00e0 locale il nostro patrimonio storico artistico.&gt;&gt;<\/p>\n<p>Il direttore del Musa, prof. Stefano Mazzoleni, ha dichiarato: &lt;&lt;Siamo molto lieti di rafforzare questa collaborazione che consolida le relazioni tra enti culturali operanti su questo territorio in fase di forte riqualificazione e valorizzazione.&gt;&gt;<\/p>\n<p>Fondazione Ente Ville Vesuviane: <a href=\"http:\/\/www.villevesuviane.net\/\">www.villevesuviane.net<\/a><\/p>\n<p>Musa \u2013 Musei della Reggia di Portici: <a href=\"http:\/\/www.centromusa.it\/\">www.centromusa.it<\/a><\/p>\n<p><em>Fonte <a href=\"https:\/\/www.2anews.it\/firmato-accordo-di-collaborazione-tra-la-fondazione-ente-ville-vesuviane-e-il-musa\/\">2anews.it<\/a><\/em><\/p>\n<p><a href=\"http:\/\/www.villevesuviane.net\/wp-content\/uploads\/2022\/01\/MUSA-Reggia-PORTICI_esedra_Agrumeto-scaled-e1625841256831.jpg\" data-elementor-open-lightbox=\"yes\" data-elementor-lightbox-slideshow=\"all-034c0f4\" data-elementor-lightbox-title=\"MUSA-Reggia-PORTICI_esedra_Agrumeto-scaled-e1625841256831\"><br \/>\n<\/a><br \/>\n<a href=\"http:\/\/www.villevesuviane.net\/wp-content\/uploads\/2022\/01\/villa-favorita-parco-sul-mare-e1625841307851.jpg\" data-elementor-open-lightbox=\"yes\" data-elementor-lightbox-slideshow=\"all-034c0f4\" data-elementor-lightbox-title=\"villa-favorita-parco-sul-mare-e1625841307851\"><br \/>\n<\/a><\/p>\n","protected":false},"excerpt":{"rendered":"<p>\u00c8 nato l\u2019accordo di collaborazione tra la Fondazione Ente Ville Vesuviane e il Musa (Musei della Reggia di Portici), per la promozione e valorizzazione di questi due importanti e preziosi [&hellip;]<\/p>\n","protected":false},"author":1,"featured_media":4921,"comment_status":"open","ping_status":"open","sticky":false,"template":"","format":"standard","meta":{"_acf_changed":false,"footnotes":""},"categories":[34],"tags":[],"class_list":["post-8743","post","type-post","status-publish","format-standard","has-post-thumbnail","hentry","category-rassegna-stampa-en"],"acf":[],"yoast_head":"<!-- This site is optimized with the Yoast SEO plugin v27.5 - https:\/\/yoast.com\/product\/yoast-seo-wordpress\/ -->\n<title>Firmato accordo di collaborazione tra la Fondazione Ente Ville Vesuviane e il Musa - Ville Vesuviane<\/title>\n<meta name=\"robots\" content=\"index, follow, max-snippet:-1, max-image-preview:large, max-video-preview:-1\" \/>\n<link rel=\"canonical\" href=\"https:\/\/www.villevesuviane.net\/en\/rassegna-stampa-en\/firmato-accordo-di-collaborazione-tra-la-fondazione-ente-ville-vesuviane-e-il-musa\/\" \/>\n<meta property=\"og:locale\" content=\"en_US\" \/>\n<meta property=\"og:type\" content=\"article\" \/>\n<meta property=\"og:title\" content=\"Firmato accordo di collaborazione tra la Fondazione Ente Ville Vesuviane e il Musa - Ville Vesuviane\" \/>\n<meta property=\"og:description\" content=\"\u00c8 nato l\u2019accordo di collaborazione tra la Fondazione Ente Ville Vesuviane e il Musa (Musei della Reggia di Portici), per la promozione e valorizzazione di questi due importanti e preziosi [&hellip;]\" \/>\n<meta property=\"og:url\" content=\"https:\/\/www.villevesuviane.net\/en\/rassegna-stampa-en\/firmato-accordo-di-collaborazione-tra-la-fondazione-ente-ville-vesuviane-e-il-musa\/\" \/>\n<meta property=\"og:site_name\" content=\"Ville Vesuviane\" \/>\n<meta property=\"article:publisher\" content=\"https:\/\/www.facebook.com\/villevesuviane.net\/\" \/>\n<meta property=\"article:published_time\" content=\"2021-07-09T14:37:43+00:00\" \/>\n<meta property=\"article:modified_time\" content=\"2022-09-21T12:02:27+00:00\" \/>\n<meta property=\"og:image\" content=\"https:\/\/www.villevesuviane.net\/wp-content\/uploads\/2022\/01\/VILLA-CAMPOLIETO-2048x1365-1.jpg\" \/>\n\t<meta property=\"og:image:width\" content=\"2048\" \/>\n\t<meta property=\"og:image:height\" content=\"1365\" \/>\n\t<meta property=\"og:image:type\" content=\"image\/jpeg\" \/>\n<meta name=\"author\" content=\"villevesuviane\" \/>\n<meta name=\"twitter:card\" content=\"summary_large_image\" \/>\n<meta name=\"twitter:label1\" content=\"Written by\" \/>\n\t<meta name=\"twitter:data1\" content=\"villevesuviane\" \/>\n\t<meta name=\"twitter:label2\" content=\"Est. reading time\" \/>\n\t<meta name=\"twitter:data2\" content=\"2 minutes\" \/>\n<script type=\"application\/ld+json\" class=\"yoast-schema-graph\">{\"@context\":\"https:\\\/\\\/schema.org\",\"@graph\":[{\"@type\":\"Article\",\"@id\":\"https:\\\/\\\/www.villevesuviane.net\\\/en\\\/rassegna-stampa-en\\\/firmato-accordo-di-collaborazione-tra-la-fondazione-ente-ville-vesuviane-e-il-musa\\\/#article\",\"isPartOf\":{\"@id\":\"https:\\\/\\\/www.villevesuviane.net\\\/en\\\/rassegna-stampa-en\\\/firmato-accordo-di-collaborazione-tra-la-fondazione-ente-ville-vesuviane-e-il-musa\\\/\"},\"author\":{\"name\":\"villevesuviane\",\"@id\":\"https:\\\/\\\/www.villevesuviane.net\\\/#\\\/schema\\\/person\\\/969865feaea8cec02dbee3b42c8d68a6\"},\"headline\":\"Firmato accordo di collaborazione tra la Fondazione Ente Ville Vesuviane e il Musa\",\"datePublished\":\"2021-07-09T14:37:43+00:00\",\"dateModified\":\"2022-09-21T12:02:27+00:00\",\"mainEntityOfPage\":{\"@id\":\"https:\\\/\\\/www.villevesuviane.net\\\/en\\\/rassegna-stampa-en\\\/firmato-accordo-di-collaborazione-tra-la-fondazione-ente-ville-vesuviane-e-il-musa\\\/\"},\"wordCount\":469,\"commentCount\":0,\"image\":{\"@id\":\"https:\\\/\\\/www.villevesuviane.net\\\/en\\\/rassegna-stampa-en\\\/firmato-accordo-di-collaborazione-tra-la-fondazione-ente-ville-vesuviane-e-il-musa\\\/#primaryimage\"},\"thumbnailUrl\":\"https:\\\/\\\/www.villevesuviane.net\\\/wp-content\\\/uploads\\\/2022\\\/01\\\/VILLA-CAMPOLIETO-2048x1365-1.jpg\",\"articleSection\":[\"Rassegna Stampa\"],\"inLanguage\":\"en-US\",\"potentialAction\":[{\"@type\":\"CommentAction\",\"name\":\"Comment\",\"target\":[\"https:\\\/\\\/www.villevesuviane.net\\\/en\\\/rassegna-stampa-en\\\/firmato-accordo-di-collaborazione-tra-la-fondazione-ente-ville-vesuviane-e-il-musa\\\/#respond\"]}]},{\"@type\":\"WebPage\",\"@id\":\"https:\\\/\\\/www.villevesuviane.net\\\/en\\\/rassegna-stampa-en\\\/firmato-accordo-di-collaborazione-tra-la-fondazione-ente-ville-vesuviane-e-il-musa\\\/\",\"url\":\"https:\\\/\\\/www.villevesuviane.net\\\/en\\\/rassegna-stampa-en\\\/firmato-accordo-di-collaborazione-tra-la-fondazione-ente-ville-vesuviane-e-il-musa\\\/\",\"name\":\"Firmato accordo di collaborazione tra la Fondazione Ente Ville Vesuviane e il Musa - Ville Vesuviane\",\"isPartOf\":{\"@id\":\"https:\\\/\\\/www.villevesuviane.net\\\/#website\"},\"primaryImageOfPage\":{\"@id\":\"https:\\\/\\\/www.villevesuviane.net\\\/en\\\/rassegna-stampa-en\\\/firmato-accordo-di-collaborazione-tra-la-fondazione-ente-ville-vesuviane-e-il-musa\\\/#primaryimage\"},\"image\":{\"@id\":\"https:\\\/\\\/www.villevesuviane.net\\\/en\\\/rassegna-stampa-en\\\/firmato-accordo-di-collaborazione-tra-la-fondazione-ente-ville-vesuviane-e-il-musa\\\/#primaryimage\"},\"thumbnailUrl\":\"https:\\\/\\\/www.villevesuviane.net\\\/wp-content\\\/uploads\\\/2022\\\/01\\\/VILLA-CAMPOLIETO-2048x1365-1.jpg\",\"datePublished\":\"2021-07-09T14:37:43+00:00\",\"dateModified\":\"2022-09-21T12:02:27+00:00\",\"author\":{\"@id\":\"https:\\\/\\\/www.villevesuviane.net\\\/#\\\/schema\\\/person\\\/969865feaea8cec02dbee3b42c8d68a6\"},\"breadcrumb\":{\"@id\":\"https:\\\/\\\/www.villevesuviane.net\\\/en\\\/rassegna-stampa-en\\\/firmato-accordo-di-collaborazione-tra-la-fondazione-ente-ville-vesuviane-e-il-musa\\\/#breadcrumb\"},\"inLanguage\":\"en-US\",\"potentialAction\":[{\"@type\":\"ReadAction\",\"target\":[\"https:\\\/\\\/www.villevesuviane.net\\\/en\\\/rassegna-stampa-en\\\/firmato-accordo-di-collaborazione-tra-la-fondazione-ente-ville-vesuviane-e-il-musa\\\/\"]}]},{\"@type\":\"ImageObject\",\"inLanguage\":\"en-US\",\"@id\":\"https:\\\/\\\/www.villevesuviane.net\\\/en\\\/rassegna-stampa-en\\\/firmato-accordo-di-collaborazione-tra-la-fondazione-ente-ville-vesuviane-e-il-musa\\\/#primaryimage\",\"url\":\"https:\\\/\\\/www.villevesuviane.net\\\/wp-content\\\/uploads\\\/2022\\\/01\\\/VILLA-CAMPOLIETO-2048x1365-1.jpg\",\"contentUrl\":\"https:\\\/\\\/www.villevesuviane.net\\\/wp-content\\\/uploads\\\/2022\\\/01\\\/VILLA-CAMPOLIETO-2048x1365-1.jpg\",\"width\":2048,\"height\":1365},{\"@type\":\"BreadcrumbList\",\"@id\":\"https:\\\/\\\/www.villevesuviane.net\\\/en\\\/rassegna-stampa-en\\\/firmato-accordo-di-collaborazione-tra-la-fondazione-ente-ville-vesuviane-e-il-musa\\\/#breadcrumb\",\"itemListElement\":[{\"@type\":\"ListItem\",\"position\":1,\"name\":\"Home\",\"item\":\"https:\\\/\\\/www.villevesuviane.net\\\/\"},{\"@type\":\"ListItem\",\"position\":2,\"name\":\"Firmato accordo di collaborazione tra la Fondazione Ente Ville Vesuviane e il Musa\"}]},{\"@type\":\"WebSite\",\"@id\":\"https:\\\/\\\/www.villevesuviane.net\\\/#website\",\"url\":\"https:\\\/\\\/www.villevesuviane.net\\\/\",\"name\":\"Ville Vesuviane\",\"description\":\"Fondazione Ente Ville Vesuviane\",\"potentialAction\":[{\"@type\":\"SearchAction\",\"target\":{\"@type\":\"EntryPoint\",\"urlTemplate\":\"https:\\\/\\\/www.villevesuviane.net\\\/?s={search_term_string}\"},\"query-input\":{\"@type\":\"PropertyValueSpecification\",\"valueRequired\":true,\"valueName\":\"search_term_string\"}}],\"inLanguage\":\"en-US\"},{\"@type\":\"Person\",\"@id\":\"https:\\\/\\\/www.villevesuviane.net\\\/#\\\/schema\\\/person\\\/969865feaea8cec02dbee3b42c8d68a6\",\"name\":\"villevesuviane\",\"image\":{\"@type\":\"ImageObject\",\"inLanguage\":\"en-US\",\"@id\":\"https:\\\/\\\/secure.gravatar.com\\\/avatar\\\/dfcdcbeed7ee2f96d0e1c16496db15ac3d24ceb6727b1563056aba66f64e5dbc?s=96&d=mm&r=g\",\"url\":\"https:\\\/\\\/secure.gravatar.com\\\/avatar\\\/dfcdcbeed7ee2f96d0e1c16496db15ac3d24ceb6727b1563056aba66f64e5dbc?s=96&d=mm&r=g\",\"contentUrl\":\"https:\\\/\\\/secure.gravatar.com\\\/avatar\\\/dfcdcbeed7ee2f96d0e1c16496db15ac3d24ceb6727b1563056aba66f64e5dbc?s=96&d=mm&r=g\",\"caption\":\"villevesuviane\"},\"sameAs\":[\"http:\\\/\\\/www.villevesuviane.net\"]}]}<\/script>\n<!-- \/ Yoast SEO plugin. -->","yoast_head_json":{"title":"Firmato accordo di collaborazione tra la Fondazione Ente Ville Vesuviane e il Musa - Ville Vesuviane","robots":{"index":"index","follow":"follow","max-snippet":"max-snippet:-1","max-image-preview":"max-image-preview:large","max-video-preview":"max-video-preview:-1"},"canonical":"https:\/\/www.villevesuviane.net\/en\/rassegna-stampa-en\/firmato-accordo-di-collaborazione-tra-la-fondazione-ente-ville-vesuviane-e-il-musa\/","og_locale":"en_US","og_type":"article","og_title":"Firmato accordo di collaborazione tra la Fondazione Ente Ville Vesuviane e il Musa - Ville Vesuviane","og_description":"\u00c8 nato l\u2019accordo di collaborazione tra la Fondazione Ente Ville Vesuviane e il Musa (Musei della Reggia di Portici), per la promozione e valorizzazione di questi due importanti e preziosi [&hellip;]","og_url":"https:\/\/www.villevesuviane.net\/en\/rassegna-stampa-en\/firmato-accordo-di-collaborazione-tra-la-fondazione-ente-ville-vesuviane-e-il-musa\/","og_site_name":"Ville Vesuviane","article_publisher":"https:\/\/www.facebook.com\/villevesuviane.net\/","article_published_time":"2021-07-09T14:37:43+00:00","article_modified_time":"2022-09-21T12:02:27+00:00","og_image":[{"width":2048,"height":1365,"url":"https:\/\/www.villevesuviane.net\/wp-content\/uploads\/2022\/01\/VILLA-CAMPOLIETO-2048x1365-1.jpg","type":"image\/jpeg"}],"author":"villevesuviane","twitter_card":"summary_large_image","twitter_misc":{"Written by":"villevesuviane","Est. reading time":"2 minutes"},"schema":{"@context":"https:\/\/schema.org","@graph":[{"@type":"Article","@id":"https:\/\/www.villevesuviane.net\/en\/rassegna-stampa-en\/firmato-accordo-di-collaborazione-tra-la-fondazione-ente-ville-vesuviane-e-il-musa\/#article","isPartOf":{"@id":"https:\/\/www.villevesuviane.net\/en\/rassegna-stampa-en\/firmato-accordo-di-collaborazione-tra-la-fondazione-ente-ville-vesuviane-e-il-musa\/"},"author":{"name":"villevesuviane","@id":"https:\/\/www.villevesuviane.net\/#\/schema\/person\/969865feaea8cec02dbee3b42c8d68a6"},"headline":"Firmato accordo di collaborazione tra la Fondazione Ente Ville Vesuviane e il Musa","datePublished":"2021-07-09T14:37:43+00:00","dateModified":"2022-09-21T12:02:27+00:00","mainEntityOfPage":{"@id":"https:\/\/www.villevesuviane.net\/en\/rassegna-stampa-en\/firmato-accordo-di-collaborazione-tra-la-fondazione-ente-ville-vesuviane-e-il-musa\/"},"wordCount":469,"commentCount":0,"image":{"@id":"https:\/\/www.villevesuviane.net\/en\/rassegna-stampa-en\/firmato-accordo-di-collaborazione-tra-la-fondazione-ente-ville-vesuviane-e-il-musa\/#primaryimage"},"thumbnailUrl":"https:\/\/www.villevesuviane.net\/wp-content\/uploads\/2022\/01\/VILLA-CAMPOLIETO-2048x1365-1.jpg","articleSection":["Rassegna Stampa"],"inLanguage":"en-US","potentialAction":[{"@type":"CommentAction","name":"Comment","target":["https:\/\/www.villevesuviane.net\/en\/rassegna-stampa-en\/firmato-accordo-di-collaborazione-tra-la-fondazione-ente-ville-vesuviane-e-il-musa\/#respond"]}]},{"@type":"WebPage","@id":"https:\/\/www.villevesuviane.net\/en\/rassegna-stampa-en\/firmato-accordo-di-collaborazione-tra-la-fondazione-ente-ville-vesuviane-e-il-musa\/","url":"https:\/\/www.villevesuviane.net\/en\/rassegna-stampa-en\/firmato-accordo-di-collaborazione-tra-la-fondazione-ente-ville-vesuviane-e-il-musa\/","name":"Firmato accordo di collaborazione tra la Fondazione Ente Ville Vesuviane e il Musa - Ville Vesuviane","isPartOf":{"@id":"https:\/\/www.villevesuviane.net\/#website"},"primaryImageOfPage":{"@id":"https:\/\/www.villevesuviane.net\/en\/rassegna-stampa-en\/firmato-accordo-di-collaborazione-tra-la-fondazione-ente-ville-vesuviane-e-il-musa\/#primaryimage"},"image":{"@id":"https:\/\/www.villevesuviane.net\/en\/rassegna-stampa-en\/firmato-accordo-di-collaborazione-tra-la-fondazione-ente-ville-vesuviane-e-il-musa\/#primaryimage"},"thumbnailUrl":"https:\/\/www.villevesuviane.net\/wp-content\/uploads\/2022\/01\/VILLA-CAMPOLIETO-2048x1365-1.jpg","datePublished":"2021-07-09T14:37:43+00:00","dateModified":"2022-09-21T12:02:27+00:00","author":{"@id":"https:\/\/www.villevesuviane.net\/#\/schema\/person\/969865feaea8cec02dbee3b42c8d68a6"},"breadcrumb":{"@id":"https:\/\/www.villevesuviane.net\/en\/rassegna-stampa-en\/firmato-accordo-di-collaborazione-tra-la-fondazione-ente-ville-vesuviane-e-il-musa\/#breadcrumb"},"inLanguage":"en-US","potentialAction":[{"@type":"ReadAction","target":["https:\/\/www.villevesuviane.net\/en\/rassegna-stampa-en\/firmato-accordo-di-collaborazione-tra-la-fondazione-ente-ville-vesuviane-e-il-musa\/"]}]},{"@type":"ImageObject","inLanguage":"en-US","@id":"https:\/\/www.villevesuviane.net\/en\/rassegna-stampa-en\/firmato-accordo-di-collaborazione-tra-la-fondazione-ente-ville-vesuviane-e-il-musa\/#primaryimage","url":"https:\/\/www.villevesuviane.net\/wp-content\/uploads\/2022\/01\/VILLA-CAMPOLIETO-2048x1365-1.jpg","contentUrl":"https:\/\/www.villevesuviane.net\/wp-content\/uploads\/2022\/01\/VILLA-CAMPOLIETO-2048x1365-1.jpg","width":2048,"height":1365},{"@type":"BreadcrumbList","@id":"https:\/\/www.villevesuviane.net\/en\/rassegna-stampa-en\/firmato-accordo-di-collaborazione-tra-la-fondazione-ente-ville-vesuviane-e-il-musa\/#breadcrumb","itemListElement":[{"@type":"ListItem","position":1,"name":"Home","item":"https:\/\/www.villevesuviane.net\/"},{"@type":"ListItem","position":2,"name":"Firmato accordo di collaborazione tra la Fondazione Ente Ville Vesuviane e il Musa"}]},{"@type":"WebSite","@id":"https:\/\/www.villevesuviane.net\/#website","url":"https:\/\/www.villevesuviane.net\/","name":"Ville Vesuviane","description":"Fondazione Ente Ville Vesuviane","potentialAction":[{"@type":"SearchAction","target":{"@type":"EntryPoint","urlTemplate":"https:\/\/www.villevesuviane.net\/?s={search_term_string}"},"query-input":{"@type":"PropertyValueSpecification","valueRequired":true,"valueName":"search_term_string"}}],"inLanguage":"en-US"},{"@type":"Person","@id":"https:\/\/www.villevesuviane.net\/#\/schema\/person\/969865feaea8cec02dbee3b42c8d68a6","name":"villevesuviane","image":{"@type":"ImageObject","inLanguage":"en-US","@id":"https:\/\/secure.gravatar.com\/avatar\/dfcdcbeed7ee2f96d0e1c16496db15ac3d24ceb6727b1563056aba66f64e5dbc?s=96&d=mm&r=g","url":"https:\/\/secure.gravatar.com\/avatar\/dfcdcbeed7ee2f96d0e1c16496db15ac3d24ceb6727b1563056aba66f64e5dbc?s=96&d=mm&r=g","contentUrl":"https:\/\/secure.gravatar.com\/avatar\/dfcdcbeed7ee2f96d0e1c16496db15ac3d24ceb6727b1563056aba66f64e5dbc?s=96&d=mm&r=g","caption":"villevesuviane"},"sameAs":["http:\/\/www.villevesuviane.net"]}]}},"_links":{"self":[{"href":"https:\/\/www.villevesuviane.net\/en\/wp-json\/wp\/v2\/posts\/8743","targetHints":{"allow":["GET"]}}],"collection":[{"href":"https:\/\/www.villevesuviane.net\/en\/wp-json\/wp\/v2\/posts"}],"about":[{"href":"https:\/\/www.villevesuviane.net\/en\/wp-json\/wp\/v2\/types\/post"}],"author":[{"embeddable":true,"href":"https:\/\/www.villevesuviane.net\/en\/wp-json\/wp\/v2\/users\/1"}],"replies":[{"embeddable":true,"href":"https:\/\/www.villevesuviane.net\/en\/wp-json\/wp\/v2\/comments?post=8743"}],"version-history":[{"count":1,"href":"https:\/\/www.villevesuviane.net\/en\/wp-json\/wp\/v2\/posts\/8743\/revisions"}],"predecessor-version":[{"id":8744,"href":"https:\/\/www.villevesuviane.net\/en\/wp-json\/wp\/v2\/posts\/8743\/revisions\/8744"}],"wp:featuredmedia":[{"embeddable":true,"href":"https:\/\/www.villevesuviane.net\/en\/wp-json\/wp\/v2\/media\/4921"}],"wp:attachment":[{"href":"https:\/\/www.villevesuviane.net\/en\/wp-json\/wp\/v2\/media?parent=8743"}],"wp:term":[{"taxonomy":"category","embeddable":true,"href":"https:\/\/www.villevesuviane.net\/en\/wp-json\/wp\/v2\/categories?post=8743"},{"taxonomy":"post_tag","embeddable":true,"href":"https:\/\/www.villevesuviane.net\/en\/wp-json\/wp\/v2\/tags?post=8743"}],"curies":[{"name":"wp","href":"https:\/\/api.w.org\/{rel}","templated":true}]}}