{"id":8795,"date":"2021-05-07T17:45:43","date_gmt":"2021-05-07T15:45:43","guid":{"rendered":"https:\/\/www.villevesuviane.net\/uncategorized\/fondazione-ville-vesuviane-presenta-la-mostra-di-ernesto-esposito\/"},"modified":"2022-09-15T15:28:47","modified_gmt":"2022-09-15T13:28:47","slug":"fondazione-ville-vesuviane-presenta-la-mostra-di-ernesto-esposito","status":"publish","type":"post","link":"https:\/\/www.villevesuviane.net\/en\/cosi-fan-tutti-en\/fondazione-ville-vesuviane-presenta-la-mostra-di-ernesto-esposito\/","title":{"rendered":"Fondazione Ville Vesuviane presenta la mostra di Ernesto Esposito"},"content":{"rendered":"\t\t<div data-elementor-type=\"wp-post\" data-elementor-id=\"8795\" class=\"elementor elementor-8795 elementor-4340\" data-elementor-post-type=\"post\">\n\t\t\t\t\t\t<section class=\"elementor-section elementor-top-section elementor-element elementor-element-f199c11 elementor-section-boxed elementor-section-height-default elementor-section-height-default\" data-id=\"f199c11\" data-element_type=\"section\" data-e-type=\"section\">\n\t\t\t\t\t\t<div class=\"elementor-container elementor-column-gap-default\">\n\t\t\t\t\t<div class=\"elementor-column elementor-col-100 elementor-top-column elementor-element elementor-element-8c52643\" data-id=\"8c52643\" data-element_type=\"column\" data-e-type=\"column\">\n\t\t\t<div class=\"elementor-widget-wrap elementor-element-populated\">\n\t\t\t\t\t\t<div class=\"elementor-element elementor-element-9ffe81c elementor-widget elementor-widget-text-editor\" data-id=\"9ffe81c\" data-element_type=\"widget\" data-e-type=\"widget\" data-widget_type=\"text-editor.default\">\n\t\t\t\t<div class=\"elementor-widget-container\">\n\t\t\t\t\t\t\t\t\t<p>\u201cCos\u00ec fan tutti. Opere dalla collezione di Ernesto Esposito\u201d \u00e8 la mostra promossa e prodotta dalla Fondazione Ente Ville Vesuviane e segna il momento della sua \u201cripartenza\u201d. Nell\u2019anno in cui festeggia i 50 anni di vita la Fondazione riapre i propri spazi tornando alle sue origini.<br \/>Nel 1984, dopo il primo importante restauro, Villa Campolieto ospit\u00f2 la mostra di arte contemporanea \u201cTerrae Motus\u201d, ideata dal gallerista napoletano Lucio Amelio che, coinvolgendo i maggiori artisti contemporanei, organizz\u00f2 una rassegna ideata per essere \u201cuna macchina per creare un terremoto continuo dell\u2019anima\u201d, dedicata alla catastrofe che aveva devastato il 23 novembre 1980 la Campania e la Basilicata. Collegandosi idealmente a quella straordinaria esposizione, la Fondazione espone trentacinque opere della raccolta di Ernesto Esposito, importante e raffinato collezionista napoletano che, con Lucio Amelio, ha vissuto la stessa intensa stagione artistica e quella esperienza iniziale nelle sale di Villa Campolieto. Una collezione in continuo \u201crinnovamento\u201d che offre l\u2019opportunit\u00e0 di comprendere come si stia evolvendo l\u2019arte contemporanea mondiale.<\/p><p>&lt;&gt;<br \/>Un percorso espositivo, quello curato da Marianna Agliottone, sviluppato a stretto contatto con il collezionista Esposito, noto stilista la cui raccolta di arte contemporanea vanta opere provenienti da tutto il mondo che spaziano dalla fotografia alla pittura, dalle installazioni ai video fino a opere monumentali.<br \/>&lt;&lt; Trascinante \u00e8 il termine che userei per definire Ernesto Esposito, il suo lavoro, la sua collezione \u2013 afferma Lucia Anna Iovieno, Responsabile Conservazione e Valorizzazione Fondazione Ente Ville Vesuviane \u2013 E infatti la mostra, gi\u00e0 dal titolo, prova a coinvolgere il pubblico, dichiarandolo parte del gioco espositivo. A questa forza trascinante abbiamo attinto per creare una esposizione che si sviluppa nelle sale del piano nobile di Villa Campolieto confrontandosi con la qualit\u00e0 spaziale dell\u2019edificio che a sua volta dialoga con una ugualmente potente natura circostante. La scelta delle opere, frutto di una selezione condivisa, nasce soprattutto dalla volont\u00e0 di rendere gli spazi parte integrante dell\u2019esposizione. Lasciandoci condurre dal genius loci, abbiamo pensato alle opere che potessero interagire con l\u2019architettura, esaltarla e esserne esaltate.&gt;&gt;<br \/>&lt;che la Fondazione, con i propri luoghi di aggregazione, orienta verso azioni di coesione sociale tese a superare le contraddizioni del presente che siamo chiamati a vivere.&gt;&gt; Nelle attivit\u00e0 di allestimento della mostra sono stati coinvolti i docenti e gli studenti del Corso di laurea in restauro dell\u2019Universit\u00e0 Suor Orsola Benincasa, rettore Lucio d\u2019Alessandro, diretti e coordinati dal direttore del Dipartimento di Scienze Umanistiche Paola Villani e dal presidente del<br \/>Corso di laurea in restauro, Pasquale Rossi, con una attivit\u00e0 laboratoriale di redazione dei condition report delle opere.<\/p><p><b>LA MOSTRA<br \/><\/b>La mostra si apre con We the people di Dahn Vo (uno dei 250 elementi in cui l\u2019artista ha scomposto\u00a0la statua della Libert\u00e0), che dialoga con le statue di Minerva e Mercurio raffigurate negli affreschi della sala, e si chiude con la video installazione di Candice Breitz Double Whitney (I Will Always Love<br \/>You) grazie a cui Whitney Houston canta nel Salone delle Feste. La lunga prospettiva del braccio settentrionale si chiude con il grande arazzo del giovane artista brasiliano Alexander Maxwell (prima opera su tela dell\u2019artista) e le immagini della favela interagiscono con gli arredi ottocenteschi del<br \/>\u201csalottino dorato\u201d. La scultura di Satoshi Hirose, Beans of Mythology, diventa il centro della Sala degli Specchi e con la sua forza centripeta attira a s\u00e9 l\u2019architettura e la natura che si gode da quella sala.<br \/>L\u2019esposizione affianca opere che coprono un lungo arco temporale, da Spazio anche pi\u00f9 che tempo\u00a0di Carol Rama del 1971, a Three Jesus di Gilbert&amp;George del 1980, fino ai lavori, realizzati per la mostra, Venus Lapilla di Alessandra Franco e Cos\u00ec fan tutti di Angelo Volpe del 2020 e che abbracciano un\u2019ampia area geografica, permettendo al visitatore di cogliere differenze e similitudini, reiterazioni e contrasti, creando una mappa che pu\u00f2, come nel Ritratto dell\u2019Evangelista San Matteo di Giulia Piscitelli, essere la base per una propria personale scoperta.<\/p><p><b>ERNESTO ESPOSITO<\/b><br \/>Ernesto Esposito \u00e8 un celebre designer di calzature di alta moda che ha collaborato con le aziende pi\u00f9 famose del mondo, da Marc Jacobs a Karl Lagerfeld e Chlo\u00e9 a Louis Vuitton. La sua passione per l\u2019arte \u00e8 iniziata nel 1970 dopo aver visitato una mostra di Andy Warhol al Mus\u00e9e d\u2019Art Moderne de\u00a0la Ville di Parigi. Dopo questo spettacolo straordinario, ha acquisito la sua prima opera d\u2019arte: la \u201cSedia elettrica, 1964\u2033di Andy Warhol grazie al gallerista napoletano Lucio Amelio. La passione di Ernesto per i viaggi lo ha anche aiutato a stabilire una vera amicizia con artisti di tutto il mondo; all\u2019et\u00e0 di vent\u2019anni conosce Cy Twombly, Robert Rauschenberg, Gerhard Richter, Jannis Kounellis e Gilbert &amp; George.<\/p><p>Oggi, la collezione Ernesto Esposito conta pi\u00f9 di 900 opere del XX e XXI secolo come Andy Warhol, Joseph Beuys, Alex Katz, Ed Ruscha, Ilya Kabakov, Jannis Kounellis, Richard Prince e comprende dipinti, fotografie, video, sculture e installazioni. Non segue criteri o movimenti artistici specifici: &lt;&gt;.<\/p><p><b>FONDAZIONE ENTE VILLE VESUVIANE<\/b><br \/>Sono 122 gli immobili monumentali settecenteschi, compresi nel territorio dei Comuni di Napoli, San Giorgio a Cremano, Portici, Ercolano e Torre del Greco. I notevoli miglioramenti attuati negli\u00a0<span style=\"color: var( --e-global-color-text ); font-family: var( --e-global-typography-text-font-family ), Sans-serif; font-size: var( --e-global-typography-text-font-size ); font-weight: var( --e-global-typography-text-font-weight );\">ultimi cinquanta anni, grazie agli interventi mirati dell\u2019Ente per le Ville Vesuviane, ora Fondazione\u00a0<\/span><span style=\"color: var( --e-global-color-text ); font-family: var( --e-global-typography-text-font-family ), Sans-serif; font-size: var( --e-global-typography-text-font-size ); font-weight: var( --e-global-typography-text-font-weight );\">hanno restituito una nuova dignit\u00e0 all\u2019immenso patrimonio costituito dalle ville del XVIII secolo. Era\u00a0<\/span><span style=\"color: var( --e-global-color-text ); font-family: var( --e-global-typography-text-font-family ), Sans-serif; font-size: var( --e-global-typography-text-font-size ); font-weight: var( --e-global-typography-text-font-weight );\">il 1738 quando Carlo di Borbone e Mariamalia di Sassonia, sua moglie, scelsero Portici per costruire\u00a0<\/span><span style=\"color: var( --e-global-color-text ); font-family: var( --e-global-typography-text-font-family ), Sans-serif; font-size: var( --e-global-typography-text-font-size ); font-weight: var( --e-global-typography-text-font-weight );\">una nuova reggia e per dare inizio agli scavi della citt\u00e0 romana di Herculaneum. Da quel momento\u00a0<\/span><span style=\"color: var( --e-global-color-text ); font-family: var( --e-global-typography-text-font-family ), Sans-serif; font-size: var( --e-global-typography-text-font-size ); font-weight: var( --e-global-typography-text-font-weight );\">tutti i nobili napoletani seguirono la corte dei Borbone e innalzarono nella zona costiera ai piedi del\u00a0<\/span><span style=\"color: var( --e-global-color-text ); font-family: var( --e-global-typography-text-font-family ), Sans-serif; font-size: var( --e-global-typography-text-font-size ); font-weight: var( --e-global-typography-text-font-weight );\">Vesuvio alcune ville per il soggiorno estivo, creando un complesso architettonico unico al mondo\u00a0<\/span><span style=\"color: var( --e-global-color-text ); font-family: var( --e-global-typography-text-font-family ), Sans-serif; font-size: var( --e-global-typography-text-font-size ); font-weight: var( --e-global-typography-text-font-weight );\">per quantit\u00e0 e bellezza: le \u201cVille Vesuviane\u201d. Nella zona compresa entro i confini del comune di\u00a0<\/span><span style=\"color: var( --e-global-color-text ); font-family: var( --e-global-typography-text-font-family ), Sans-serif; font-size: var( --e-global-typography-text-font-size ); font-weight: var( --e-global-typography-text-font-weight );\">Ercolano, la concentrazione delle Ville si intensific\u00f2 e divenne di particolare prestigio, tanto che fu\u00a0<\/span><span style=\"color: var( --e-global-color-text ); font-family: var( --e-global-typography-text-font-family ), Sans-serif; font-size: var( --e-global-typography-text-font-size ); font-weight: var( --e-global-typography-text-font-weight );\">denominato Miglio d\u2019Oro il tratto di strada che costeggia gli edifici costruiti da architetti quali Luigi\u00a0<\/span><span style=\"color: var( --e-global-color-text ); font-family: var( --e-global-typography-text-font-family ), Sans-serif; font-size: var( --e-global-typography-text-font-size ); font-weight: var( --e-global-typography-text-font-weight );\">Vanvitelli, Ferdinando Fuga, Domenico Antonio Vaccaro, Ferdinando Sanfelice, completati da vasti\u00a0<\/span><span style=\"color: var( --e-global-color-text ); font-family: var( --e-global-typography-text-font-family ), Sans-serif; font-size: var( --e-global-typography-text-font-size ); font-weight: var( --e-global-typography-text-font-weight );\">giardini e da decorazioni pittoriche realizzate da grandi artisti.\u00a0<\/span><span style=\"color: var( --e-global-color-text ); font-family: var( --e-global-typography-text-font-family ), Sans-serif; font-size: var( --e-global-typography-text-font-size ); font-weight: var( --e-global-typography-text-font-weight );\">Alcuni di questi edifici monumentali dopo un attento e rigoroso restauro, sono attualmente sotto la\u00a0<\/span><span style=\"color: var( --e-global-color-text ); font-family: var( --e-global-typography-text-font-family ), Sans-serif; font-size: var( --e-global-typography-text-font-size ); font-weight: var( --e-global-typography-text-font-weight );\">diretta tutela e gestione della Fondazione e costituiscono le sedi nelle quali viene svolta l\u2019attivit\u00e0\u00a0<\/span><span style=\"color: var( --e-global-color-text ); font-family: var( --e-global-typography-text-font-family ), Sans-serif; font-size: var( --e-global-typography-text-font-size ); font-weight: var( --e-global-typography-text-font-weight );\">istituzionale e culturale: Villa Campolieto, il Parco sul Mare della Villa Favorita, Villa Ruggiero a\u00a0<\/span><span style=\"color: var( --e-global-color-text ); font-family: var( --e-global-typography-text-font-family ), Sans-serif; font-size: var( --e-global-typography-text-font-size ); font-weight: var( --e-global-typography-text-font-weight );\">Ercolano e Villa delle Ginestre a Torre del Greco.<\/span><\/p><p><b>INFORMAZIONI<br \/><\/b>La mostra sar\u00e0 aperta al pubblico dal 7 maggio al 14 novembre 2021<br \/>Orari di visita: dalle 10 alle 18 (ultimo ingresso alle ore 17.00) dal marted\u00ec alla domenica<br \/>Prenotazione obbligatoria per il weekend: prenotazioni@villevesuviane.net tel. 081 7322134<br \/>Ticket di ingresso: 5 euro e accesso gratuito nell\u2019ultima ora prima della chiusura.<br \/>Per le visite guidate 7 euro (con prenotazione obbligatoria)<\/p><p><br \/><b>COME RAGGIUNGERE LA VILLA CAMPOLIETO<\/b><br \/>In auto: Autostrada Napoli-Salerno, uscita Ercolano Scavi. Proseguire a destra e poi a sinistra seguendo le indicazioni per Villa Campolieto. Parcheggio interno.<br \/>In treno: da Napoli \u2013 Piazza Garibaldi, Eav\u2013Circumvesuviana, direzione Sorrento o Poggiomarino. La stazione d\u2019arrivo \u00e8 Miglio D\u2019Oro a circa 500 metri dalla Villa<br \/>Al fine di garantire la sicurezza dei visitatori, saranno rispettate le misure anti-covid. Gli ingressi saranno contingentati e con distanza di sicurezza interpersonale. Obbligatorio indossare la mascherina per tutta la durata della visita.<\/p><p>\u00a0<\/p><p>Fonte <a href=\"https:\/\/www.laprovinciaonline.info\/fondazione-ville-vesuviane-presenta-la-mostra-di-ernesto-esposito\/\"><b>La Provincia Online<\/b><\/a><\/p>\t\t\t\t\t\t\t\t<\/div>\n\t\t\t\t<\/div>\n\t\t\t\t\t<\/div>\n\t\t<\/div>\n\t\t\t\t\t<\/div>\n\t\t<\/section>\n\t\t\t\t<\/div>\n\t\t","protected":false},"excerpt":{"rendered":"<p>\u201cCos\u00ec fan tutti. Opere dalla collezione di Ernesto Esposito\u201d \u00e8 la mostra promossa e prodotta dalla Fondazione Ente Ville Vesuviane e segna il momento della sua \u201cripartenza\u201d. Nell\u2019anno in cui [&hellip;]<\/p>\n","protected":false},"author":1,"featured_media":4343,"comment_status":"open","ping_status":"open","sticky":false,"template":"","format":"standard","meta":{"_acf_changed":false,"footnotes":""},"categories":[123],"tags":[],"class_list":["post-8795","post","type-post","status-publish","format-standard","has-post-thumbnail","hentry","category-cosi-fan-tutti-en"],"acf":[],"yoast_head":"<!-- This site is optimized with the Yoast SEO plugin v27.5 - https:\/\/yoast.com\/product\/yoast-seo-wordpress\/ -->\n<title>Fondazione Ville Vesuviane presenta la mostra di Ernesto Esposito - Ville Vesuviane<\/title>\n<meta name=\"robots\" content=\"index, follow, max-snippet:-1, max-image-preview:large, max-video-preview:-1\" \/>\n<link rel=\"canonical\" href=\"https:\/\/www.villevesuviane.net\/en\/rassegna-stampa\/cosi-fan-tutti\/fondazione-ville-vesuviane-presenta-la-mostra-di-ernesto-esposito\/\" \/>\n<meta property=\"og:locale\" content=\"en_US\" \/>\n<meta property=\"og:type\" content=\"article\" \/>\n<meta property=\"og:title\" content=\"Fondazione Ville Vesuviane presenta la mostra di Ernesto Esposito - Ville Vesuviane\" \/>\n<meta property=\"og:description\" content=\"\u201cCos\u00ec fan tutti. Opere dalla collezione di Ernesto Esposito\u201d \u00e8 la mostra promossa e prodotta dalla Fondazione Ente Ville Vesuviane e segna il momento della sua \u201cripartenza\u201d. Nell\u2019anno in cui [&hellip;]\" \/>\n<meta property=\"og:url\" content=\"https:\/\/www.villevesuviane.net\/rassegna-stampa\/cosi-fan-tutti\/fondazione-ville-vesuviane-presenta-la-mostra-di-ernesto-esposito\/\" \/>\n<meta property=\"og:site_name\" content=\"Ville Vesuviane\" \/>\n<meta property=\"article:publisher\" content=\"https:\/\/www.facebook.com\/villevesuviane.net\/\" \/>\n<meta property=\"article:published_time\" content=\"2021-05-07T15:45:43+00:00\" \/>\n<meta property=\"article:modified_time\" content=\"2022-09-15T13:28:47+00:00\" \/>\n<meta property=\"og:image\" content=\"https:\/\/www.villevesuviane.net\/wp-content\/uploads\/2021\/05\/5948977_0-1.jpg\" \/>\n\t<meta property=\"og:image:width\" content=\"620\" \/>\n\t<meta property=\"og:image:height\" content=\"340\" \/>\n\t<meta property=\"og:image:type\" content=\"image\/jpeg\" \/>\n<meta name=\"author\" content=\"villevesuviane\" \/>\n<meta name=\"twitter:card\" content=\"summary_large_image\" \/>\n<meta name=\"twitter:label1\" content=\"Written by\" \/>\n\t<meta name=\"twitter:data1\" content=\"villevesuviane\" \/>\n\t<meta name=\"twitter:label2\" content=\"Est. reading time\" \/>\n\t<meta name=\"twitter:data2\" content=\"6 minutes\" \/>\n<script type=\"application\/ld+json\" class=\"yoast-schema-graph\">{\"@context\":\"https:\\\/\\\/schema.org\",\"@graph\":[{\"@type\":\"Article\",\"@id\":\"https:\\\/\\\/www.villevesuviane.net\\\/rassegna-stampa\\\/cosi-fan-tutti\\\/fondazione-ville-vesuviane-presenta-la-mostra-di-ernesto-esposito\\\/#article\",\"isPartOf\":{\"@id\":\"https:\\\/\\\/www.villevesuviane.net\\\/rassegna-stampa\\\/cosi-fan-tutti\\\/fondazione-ville-vesuviane-presenta-la-mostra-di-ernesto-esposito\\\/\"},\"author\":{\"name\":\"villevesuviane\",\"@id\":\"https:\\\/\\\/www.villevesuviane.net\\\/#\\\/schema\\\/person\\\/969865feaea8cec02dbee3b42c8d68a6\"},\"headline\":\"Fondazione Ville Vesuviane presenta la mostra di Ernesto Esposito\",\"datePublished\":\"2021-05-07T15:45:43+00:00\",\"dateModified\":\"2022-09-15T13:28:47+00:00\",\"mainEntityOfPage\":{\"@id\":\"https:\\\/\\\/www.villevesuviane.net\\\/rassegna-stampa\\\/cosi-fan-tutti\\\/fondazione-ville-vesuviane-presenta-la-mostra-di-ernesto-esposito\\\/\"},\"wordCount\":1224,\"commentCount\":0,\"image\":{\"@id\":\"https:\\\/\\\/www.villevesuviane.net\\\/rassegna-stampa\\\/cosi-fan-tutti\\\/fondazione-ville-vesuviane-presenta-la-mostra-di-ernesto-esposito\\\/#primaryimage\"},\"thumbnailUrl\":\"https:\\\/\\\/www.villevesuviane.net\\\/wp-content\\\/uploads\\\/2021\\\/05\\\/5948977_0-1.jpg\",\"articleSection\":[\"Cos\u00ec Fan Tutti\"],\"inLanguage\":\"en-US\",\"potentialAction\":[{\"@type\":\"CommentAction\",\"name\":\"Comment\",\"target\":[\"https:\\\/\\\/www.villevesuviane.net\\\/rassegna-stampa\\\/cosi-fan-tutti\\\/fondazione-ville-vesuviane-presenta-la-mostra-di-ernesto-esposito\\\/#respond\"]}]},{\"@type\":\"WebPage\",\"@id\":\"https:\\\/\\\/www.villevesuviane.net\\\/rassegna-stampa\\\/cosi-fan-tutti\\\/fondazione-ville-vesuviane-presenta-la-mostra-di-ernesto-esposito\\\/\",\"url\":\"https:\\\/\\\/www.villevesuviane.net\\\/rassegna-stampa\\\/cosi-fan-tutti\\\/fondazione-ville-vesuviane-presenta-la-mostra-di-ernesto-esposito\\\/\",\"name\":\"Fondazione Ville Vesuviane presenta la mostra di Ernesto Esposito - Ville Vesuviane\",\"isPartOf\":{\"@id\":\"https:\\\/\\\/www.villevesuviane.net\\\/#website\"},\"primaryImageOfPage\":{\"@id\":\"https:\\\/\\\/www.villevesuviane.net\\\/rassegna-stampa\\\/cosi-fan-tutti\\\/fondazione-ville-vesuviane-presenta-la-mostra-di-ernesto-esposito\\\/#primaryimage\"},\"image\":{\"@id\":\"https:\\\/\\\/www.villevesuviane.net\\\/rassegna-stampa\\\/cosi-fan-tutti\\\/fondazione-ville-vesuviane-presenta-la-mostra-di-ernesto-esposito\\\/#primaryimage\"},\"thumbnailUrl\":\"https:\\\/\\\/www.villevesuviane.net\\\/wp-content\\\/uploads\\\/2021\\\/05\\\/5948977_0-1.jpg\",\"datePublished\":\"2021-05-07T15:45:43+00:00\",\"dateModified\":\"2022-09-15T13:28:47+00:00\",\"author\":{\"@id\":\"https:\\\/\\\/www.villevesuviane.net\\\/#\\\/schema\\\/person\\\/969865feaea8cec02dbee3b42c8d68a6\"},\"breadcrumb\":{\"@id\":\"https:\\\/\\\/www.villevesuviane.net\\\/rassegna-stampa\\\/cosi-fan-tutti\\\/fondazione-ville-vesuviane-presenta-la-mostra-di-ernesto-esposito\\\/#breadcrumb\"},\"inLanguage\":\"en-US\",\"potentialAction\":[{\"@type\":\"ReadAction\",\"target\":[\"https:\\\/\\\/www.villevesuviane.net\\\/rassegna-stampa\\\/cosi-fan-tutti\\\/fondazione-ville-vesuviane-presenta-la-mostra-di-ernesto-esposito\\\/\"]}]},{\"@type\":\"ImageObject\",\"inLanguage\":\"en-US\",\"@id\":\"https:\\\/\\\/www.villevesuviane.net\\\/rassegna-stampa\\\/cosi-fan-tutti\\\/fondazione-ville-vesuviane-presenta-la-mostra-di-ernesto-esposito\\\/#primaryimage\",\"url\":\"https:\\\/\\\/www.villevesuviane.net\\\/wp-content\\\/uploads\\\/2021\\\/05\\\/5948977_0-1.jpg\",\"contentUrl\":\"https:\\\/\\\/www.villevesuviane.net\\\/wp-content\\\/uploads\\\/2021\\\/05\\\/5948977_0-1.jpg\",\"width\":620,\"height\":340},{\"@type\":\"BreadcrumbList\",\"@id\":\"https:\\\/\\\/www.villevesuviane.net\\\/rassegna-stampa\\\/cosi-fan-tutti\\\/fondazione-ville-vesuviane-presenta-la-mostra-di-ernesto-esposito\\\/#breadcrumb\",\"itemListElement\":[{\"@type\":\"ListItem\",\"position\":1,\"name\":\"Home\",\"item\":\"https:\\\/\\\/www.villevesuviane.net\\\/\"},{\"@type\":\"ListItem\",\"position\":2,\"name\":\"Fondazione Ville Vesuviane presenta la mostra di Ernesto Esposito\"}]},{\"@type\":\"WebSite\",\"@id\":\"https:\\\/\\\/www.villevesuviane.net\\\/#website\",\"url\":\"https:\\\/\\\/www.villevesuviane.net\\\/\",\"name\":\"Ville Vesuviane\",\"description\":\"Fondazione Ente Ville Vesuviane\",\"potentialAction\":[{\"@type\":\"SearchAction\",\"target\":{\"@type\":\"EntryPoint\",\"urlTemplate\":\"https:\\\/\\\/www.villevesuviane.net\\\/?s={search_term_string}\"},\"query-input\":{\"@type\":\"PropertyValueSpecification\",\"valueRequired\":true,\"valueName\":\"search_term_string\"}}],\"inLanguage\":\"en-US\"},{\"@type\":\"Person\",\"@id\":\"https:\\\/\\\/www.villevesuviane.net\\\/#\\\/schema\\\/person\\\/969865feaea8cec02dbee3b42c8d68a6\",\"name\":\"villevesuviane\",\"image\":{\"@type\":\"ImageObject\",\"inLanguage\":\"en-US\",\"@id\":\"https:\\\/\\\/secure.gravatar.com\\\/avatar\\\/dfcdcbeed7ee2f96d0e1c16496db15ac3d24ceb6727b1563056aba66f64e5dbc?s=96&d=mm&r=g\",\"url\":\"https:\\\/\\\/secure.gravatar.com\\\/avatar\\\/dfcdcbeed7ee2f96d0e1c16496db15ac3d24ceb6727b1563056aba66f64e5dbc?s=96&d=mm&r=g\",\"contentUrl\":\"https:\\\/\\\/secure.gravatar.com\\\/avatar\\\/dfcdcbeed7ee2f96d0e1c16496db15ac3d24ceb6727b1563056aba66f64e5dbc?s=96&d=mm&r=g\",\"caption\":\"villevesuviane\"},\"sameAs\":[\"http:\\\/\\\/www.villevesuviane.net\"]}]}<\/script>\n<!-- \/ Yoast SEO plugin. -->","yoast_head_json":{"title":"Fondazione Ville Vesuviane presenta la mostra di Ernesto Esposito - Ville Vesuviane","robots":{"index":"index","follow":"follow","max-snippet":"max-snippet:-1","max-image-preview":"max-image-preview:large","max-video-preview":"max-video-preview:-1"},"canonical":"https:\/\/www.villevesuviane.net\/en\/rassegna-stampa\/cosi-fan-tutti\/fondazione-ville-vesuviane-presenta-la-mostra-di-ernesto-esposito\/","og_locale":"en_US","og_type":"article","og_title":"Fondazione Ville Vesuviane presenta la mostra di Ernesto Esposito - Ville Vesuviane","og_description":"\u201cCos\u00ec fan tutti. Opere dalla collezione di Ernesto Esposito\u201d \u00e8 la mostra promossa e prodotta dalla Fondazione Ente Ville Vesuviane e segna il momento della sua \u201cripartenza\u201d. Nell\u2019anno in cui [&hellip;]","og_url":"https:\/\/www.villevesuviane.net\/rassegna-stampa\/cosi-fan-tutti\/fondazione-ville-vesuviane-presenta-la-mostra-di-ernesto-esposito\/","og_site_name":"Ville Vesuviane","article_publisher":"https:\/\/www.facebook.com\/villevesuviane.net\/","article_published_time":"2021-05-07T15:45:43+00:00","article_modified_time":"2022-09-15T13:28:47+00:00","og_image":[{"width":620,"height":340,"url":"https:\/\/www.villevesuviane.net\/wp-content\/uploads\/2021\/05\/5948977_0-1.jpg","type":"image\/jpeg"}],"author":"villevesuviane","twitter_card":"summary_large_image","twitter_misc":{"Written by":"villevesuviane","Est. reading time":"6 minutes"},"schema":{"@context":"https:\/\/schema.org","@graph":[{"@type":"Article","@id":"https:\/\/www.villevesuviane.net\/rassegna-stampa\/cosi-fan-tutti\/fondazione-ville-vesuviane-presenta-la-mostra-di-ernesto-esposito\/#article","isPartOf":{"@id":"https:\/\/www.villevesuviane.net\/rassegna-stampa\/cosi-fan-tutti\/fondazione-ville-vesuviane-presenta-la-mostra-di-ernesto-esposito\/"},"author":{"name":"villevesuviane","@id":"https:\/\/www.villevesuviane.net\/#\/schema\/person\/969865feaea8cec02dbee3b42c8d68a6"},"headline":"Fondazione Ville Vesuviane presenta la mostra di Ernesto Esposito","datePublished":"2021-05-07T15:45:43+00:00","dateModified":"2022-09-15T13:28:47+00:00","mainEntityOfPage":{"@id":"https:\/\/www.villevesuviane.net\/rassegna-stampa\/cosi-fan-tutti\/fondazione-ville-vesuviane-presenta-la-mostra-di-ernesto-esposito\/"},"wordCount":1224,"commentCount":0,"image":{"@id":"https:\/\/www.villevesuviane.net\/rassegna-stampa\/cosi-fan-tutti\/fondazione-ville-vesuviane-presenta-la-mostra-di-ernesto-esposito\/#primaryimage"},"thumbnailUrl":"https:\/\/www.villevesuviane.net\/wp-content\/uploads\/2021\/05\/5948977_0-1.jpg","articleSection":["Cos\u00ec Fan Tutti"],"inLanguage":"en-US","potentialAction":[{"@type":"CommentAction","name":"Comment","target":["https:\/\/www.villevesuviane.net\/rassegna-stampa\/cosi-fan-tutti\/fondazione-ville-vesuviane-presenta-la-mostra-di-ernesto-esposito\/#respond"]}]},{"@type":"WebPage","@id":"https:\/\/www.villevesuviane.net\/rassegna-stampa\/cosi-fan-tutti\/fondazione-ville-vesuviane-presenta-la-mostra-di-ernesto-esposito\/","url":"https:\/\/www.villevesuviane.net\/rassegna-stampa\/cosi-fan-tutti\/fondazione-ville-vesuviane-presenta-la-mostra-di-ernesto-esposito\/","name":"Fondazione Ville Vesuviane presenta la mostra di Ernesto Esposito - Ville Vesuviane","isPartOf":{"@id":"https:\/\/www.villevesuviane.net\/#website"},"primaryImageOfPage":{"@id":"https:\/\/www.villevesuviane.net\/rassegna-stampa\/cosi-fan-tutti\/fondazione-ville-vesuviane-presenta-la-mostra-di-ernesto-esposito\/#primaryimage"},"image":{"@id":"https:\/\/www.villevesuviane.net\/rassegna-stampa\/cosi-fan-tutti\/fondazione-ville-vesuviane-presenta-la-mostra-di-ernesto-esposito\/#primaryimage"},"thumbnailUrl":"https:\/\/www.villevesuviane.net\/wp-content\/uploads\/2021\/05\/5948977_0-1.jpg","datePublished":"2021-05-07T15:45:43+00:00","dateModified":"2022-09-15T13:28:47+00:00","author":{"@id":"https:\/\/www.villevesuviane.net\/#\/schema\/person\/969865feaea8cec02dbee3b42c8d68a6"},"breadcrumb":{"@id":"https:\/\/www.villevesuviane.net\/rassegna-stampa\/cosi-fan-tutti\/fondazione-ville-vesuviane-presenta-la-mostra-di-ernesto-esposito\/#breadcrumb"},"inLanguage":"en-US","potentialAction":[{"@type":"ReadAction","target":["https:\/\/www.villevesuviane.net\/rassegna-stampa\/cosi-fan-tutti\/fondazione-ville-vesuviane-presenta-la-mostra-di-ernesto-esposito\/"]}]},{"@type":"ImageObject","inLanguage":"en-US","@id":"https:\/\/www.villevesuviane.net\/rassegna-stampa\/cosi-fan-tutti\/fondazione-ville-vesuviane-presenta-la-mostra-di-ernesto-esposito\/#primaryimage","url":"https:\/\/www.villevesuviane.net\/wp-content\/uploads\/2021\/05\/5948977_0-1.jpg","contentUrl":"https:\/\/www.villevesuviane.net\/wp-content\/uploads\/2021\/05\/5948977_0-1.jpg","width":620,"height":340},{"@type":"BreadcrumbList","@id":"https:\/\/www.villevesuviane.net\/rassegna-stampa\/cosi-fan-tutti\/fondazione-ville-vesuviane-presenta-la-mostra-di-ernesto-esposito\/#breadcrumb","itemListElement":[{"@type":"ListItem","position":1,"name":"Home","item":"https:\/\/www.villevesuviane.net\/"},{"@type":"ListItem","position":2,"name":"Fondazione Ville Vesuviane presenta la mostra di Ernesto Esposito"}]},{"@type":"WebSite","@id":"https:\/\/www.villevesuviane.net\/#website","url":"https:\/\/www.villevesuviane.net\/","name":"Ville Vesuviane","description":"Fondazione Ente Ville Vesuviane","potentialAction":[{"@type":"SearchAction","target":{"@type":"EntryPoint","urlTemplate":"https:\/\/www.villevesuviane.net\/?s={search_term_string}"},"query-input":{"@type":"PropertyValueSpecification","valueRequired":true,"valueName":"search_term_string"}}],"inLanguage":"en-US"},{"@type":"Person","@id":"https:\/\/www.villevesuviane.net\/#\/schema\/person\/969865feaea8cec02dbee3b42c8d68a6","name":"villevesuviane","image":{"@type":"ImageObject","inLanguage":"en-US","@id":"https:\/\/secure.gravatar.com\/avatar\/dfcdcbeed7ee2f96d0e1c16496db15ac3d24ceb6727b1563056aba66f64e5dbc?s=96&d=mm&r=g","url":"https:\/\/secure.gravatar.com\/avatar\/dfcdcbeed7ee2f96d0e1c16496db15ac3d24ceb6727b1563056aba66f64e5dbc?s=96&d=mm&r=g","contentUrl":"https:\/\/secure.gravatar.com\/avatar\/dfcdcbeed7ee2f96d0e1c16496db15ac3d24ceb6727b1563056aba66f64e5dbc?s=96&d=mm&r=g","caption":"villevesuviane"},"sameAs":["http:\/\/www.villevesuviane.net"]}]}},"_links":{"self":[{"href":"https:\/\/www.villevesuviane.net\/en\/wp-json\/wp\/v2\/posts\/8795","targetHints":{"allow":["GET"]}}],"collection":[{"href":"https:\/\/www.villevesuviane.net\/en\/wp-json\/wp\/v2\/posts"}],"about":[{"href":"https:\/\/www.villevesuviane.net\/en\/wp-json\/wp\/v2\/types\/post"}],"author":[{"embeddable":true,"href":"https:\/\/www.villevesuviane.net\/en\/wp-json\/wp\/v2\/users\/1"}],"replies":[{"embeddable":true,"href":"https:\/\/www.villevesuviane.net\/en\/wp-json\/wp\/v2\/comments?post=8795"}],"version-history":[{"count":1,"href":"https:\/\/www.villevesuviane.net\/en\/wp-json\/wp\/v2\/posts\/8795\/revisions"}],"predecessor-version":[{"id":8796,"href":"https:\/\/www.villevesuviane.net\/en\/wp-json\/wp\/v2\/posts\/8795\/revisions\/8796"}],"wp:featuredmedia":[{"embeddable":true,"href":"https:\/\/www.villevesuviane.net\/en\/wp-json\/wp\/v2\/media\/4343"}],"wp:attachment":[{"href":"https:\/\/www.villevesuviane.net\/en\/wp-json\/wp\/v2\/media?parent=8795"}],"wp:term":[{"taxonomy":"category","embeddable":true,"href":"https:\/\/www.villevesuviane.net\/en\/wp-json\/wp\/v2\/categories?post=8795"},{"taxonomy":"post_tag","embeddable":true,"href":"https:\/\/www.villevesuviane.net\/en\/wp-json\/wp\/v2\/tags?post=8795"}],"curies":[{"name":"wp","href":"https:\/\/api.w.org\/{rel}","templated":true}]}}